{"id":233040,"date":"2022-05-10T22:25:32","date_gmt":"2022-05-10T19:25:32","guid":{"rendered":"http:\/\/107.6.182.27\/es\/?p=233040"},"modified":"2023-01-10T16:18:58","modified_gmt":"2023-01-10T14:18:58","slug":"rusia-denuncia-a-kiev-por-llevar-a-cabo-un-montaje-al-estilo-de-bucha-en-jarkov","status":"publish","type":"post","link":"https:\/\/archive.sana.sy\/es\/?p=233040","title":{"rendered":"Rusia denuncia a Kiev por llevar a cabo un montaje &#8220;al estilo de Bucha&#8221; en J\u00e1rkov."},"content":{"rendered":"<p style=\"text-align: justify;\"><span style=\"color: #800000;\"><strong>Mosc\u00fa, 10 may (SANA)<\/strong><\/span> El jefe del Centro Nacional de Gesti\u00f3n de la Defensa de Rusia, Mija\u00edl Miz\u00edntsev, denunci\u00f3 hoy que Kiev organiz\u00f3 una nueva provocaci\u00f3n sangrienta en el este de Ucrania para culpar por las victimas mortales a las fuerzas rusas.<\/p>\n<p style=\"text-align: justify;\">&#8220;Militares ucranianos abrieron fuego contra seis coches civiles que llevaban banderas blancas en un tramo de carretera entre las localidades de Stary y Novy S\u00e1ltov, en la regi\u00f3n de J\u00e1rkov&#8221;, inform\u00f3 el oficial citado por RT.<\/p>\n<p style=\"text-align: justify;\">&#8220;La grabaci\u00f3n de v\u00eddeo y fotograf\u00edas de este crimen atroz fueron realizadas por los especialistas del Centro de Operaciones Psicol\u00f3gicas de las Fuerzas Armadas de Ucrania&#8221;, precis\u00f3, comparando lo sucedido con la provocaci\u00f3n en la localidad de Bucha, cerca de Kiev, a inicios de marzo.<\/p>\n<p>fm\/mm<\/p>\n","protected":false},"excerpt":{"rendered":"<p>Mosc\u00fa, 10 may (SANA) El jefe del Centro Nacional de Gesti\u00f3n de la Defensa de Rusia, Mija\u00edl Miz\u00edntsev, denunci\u00f3 hoy que Kiev organiz\u00f3 una nueva provocaci\u00f3n sangrienta en el este de Ucrania para culpar por las victimas mortales a las fuerzas rusas. &#8220;Militares ucranianos abrieron fuego contra seis coches civiles que llevaban banderas blancas en &hellip;<\/p>\n","protected":false},"author":36,"featured_media":233041,"comment_status":"closed","ping_status":"closed","sticky":false,"template":"","format":"standard","meta":{"footnotes":""},"categories":[597,456,457],"tags":[],"class_list":["post-233040","post","type-post","status-publish","format-standard","has-post-thumbnail","","category-cinta-de-noticias","category-arabe-internacional-politica","category-noticias-arabe-internacional-politica"],"_links":{"self":[{"href":"https:\/\/archive.sana.sy\/es\/index.php?rest_route=\/wp\/v2\/posts\/233040"}],"collection":[{"href":"https:\/\/archive.sana.sy\/es\/index.php?rest_route=\/wp\/v2\/posts"}],"about":[{"href":"https:\/\/archive.sana.sy\/es\/index.php?rest_route=\/wp\/v2\/types\/post"}],"author":[{"embeddable":true,"href":"https:\/\/archive.sana.sy\/es\/index.php?rest_route=\/wp\/v2\/users\/36"}],"replies":[{"embeddable":true,"href":"https:\/\/archive.sana.sy\/es\/index.php?rest_route=%2Fwp%2Fv2%2Fcomments&post=233040"}],"version-history":[{"count":0,"href":"https:\/\/archive.sana.sy\/es\/index.php?rest_route=\/wp\/v2\/posts\/233040\/revisions"}],"wp:featuredmedia":[{"embeddable":true,"href":"https:\/\/archive.sana.sy\/es\/index.php?rest_route=\/wp\/v2\/media\/233041"}],"wp:attachment":[{"href":"https:\/\/archive.sana.sy\/es\/index.php?rest_route=%2Fwp%2Fv2%2Fmedia&parent=233040"}],"wp:term":[{"taxonomy":"category","embeddable":true,"href":"https:\/\/archive.sana.sy\/es\/index.php?rest_route=%2Fwp%2Fv2%2Fcategories&post=233040"},{"taxonomy":"post_tag","embeddable":true,"href":"https:\/\/archive.sana.sy\/es\/index.php?rest_route=%2Fwp%2Fv2%2Ftags&post=233040"}],"curies":[{"name":"wp","href":"https:\/\/api.w.org\/{rel}","templated":true}]}}