{"id":233044,"date":"2022-05-11T05:40:22","date_gmt":"2022-05-11T02:40:22","guid":{"rendered":"http:\/\/107.6.182.27\/es\/?p=233044"},"modified":"2022-05-11T05:40:22","modified_gmt":"2022-05-11T02:40:22","slug":"una-mujer-y-sus-cuatro-hijos-mueren-a-consecuencia-de-un-incendio-en-damasco","status":"publish","type":"post","link":"https:\/\/archive.sana.sy\/es\/?p=233044","title":{"rendered":"Una mujer y sus cuatro hijos mueren a consecuencia de un incendio en Damasco"},"content":{"rendered":"<p style=\"text-align: justify;\"><span style=\"color: #800000;\"><strong>Damasco, 11 may (SANA)\u00a0<\/strong><\/span>\u00a0 En horas de la madrugada de este mi\u00e9rcoles, \u00a0se produjo un incendio en un apartamento en el primer piso de un edificio de cuatro plantas en la calle al-Amin en la antigua ciudad de Damasco, y a consecuencia del mismo, \u00a0una madre y sus cuatro hijos fallecieron.<\/p>\n<p style=\"text-align: justify;\">El comandante de la Brigada de Bomberos en Damasco, el general de brigada Daoud Amiri, declar\u00f3 \u00a0a la corresponsal de SANA que los cuatro ni\u00f1os tienen edades entre 4 y 12 a\u00f1os, mientras su padre sufri\u00f3 quemaduras.<\/p>\n<p style=\"text-align: justify;\">Indic\u00f3 que el Cuerpo de Bomberos se dirigi\u00f3 al lugar del incendio y trabaj\u00f3 para extinguirlo y llev\u00f3 los cuerpos de los muertos y al padre al Hospital de Damasco.<\/p>\n<p style=\"text-align: justify;\">fm<\/p>\n<p style=\"text-align: justify;\">\n","protected":false},"excerpt":{"rendered":"<p>Damasco, 11 may (SANA)\u00a0\u00a0 En horas de la madrugada de este mi\u00e9rcoles, \u00a0se produjo un incendio en un apartamento en el primer piso de un edificio de cuatro plantas en la calle al-Amin en la antigua ciudad de Damasco, y a consecuencia del mismo, \u00a0una madre y sus cuatro hijos fallecieron. El comandante de la &hellip;<\/p>\n","protected":false},"author":34,"featured_media":233045,"comment_status":"closed","ping_status":"closed","sticky":false,"template":"","format":"standard","meta":{"footnotes":""},"categories":[447,597,476,457,7541],"tags":[],"class_list":["post-233044","post","type-post","status-publish","format-standard","has-post-thumbnail","","category-local-politica","category-cinta-de-noticias","category-locales","category-noticias-arabe-internacional-politica","category-ultimas-noticias"],"_links":{"self":[{"href":"https:\/\/archive.sana.sy\/es\/index.php?rest_route=\/wp\/v2\/posts\/233044"}],"collection":[{"href":"https:\/\/archive.sana.sy\/es\/index.php?rest_route=\/wp\/v2\/posts"}],"about":[{"href":"https:\/\/archive.sana.sy\/es\/index.php?rest_route=\/wp\/v2\/types\/post"}],"author":[{"embeddable":true,"href":"https:\/\/archive.sana.sy\/es\/index.php?rest_route=\/wp\/v2\/users\/34"}],"replies":[{"embeddable":true,"href":"https:\/\/archive.sana.sy\/es\/index.php?rest_route=%2Fwp%2Fv2%2Fcomments&post=233044"}],"version-history":[{"count":0,"href":"https:\/\/archive.sana.sy\/es\/index.php?rest_route=\/wp\/v2\/posts\/233044\/revisions"}],"wp:featuredmedia":[{"embeddable":true,"href":"https:\/\/archive.sana.sy\/es\/index.php?rest_route=\/wp\/v2\/media\/233045"}],"wp:attachment":[{"href":"https:\/\/archive.sana.sy\/es\/index.php?rest_route=%2Fwp%2Fv2%2Fmedia&parent=233044"}],"wp:term":[{"taxonomy":"category","embeddable":true,"href":"https:\/\/archive.sana.sy\/es\/index.php?rest_route=%2Fwp%2Fv2%2Fcategories&post=233044"},{"taxonomy":"post_tag","embeddable":true,"href":"https:\/\/archive.sana.sy\/es\/index.php?rest_route=%2Fwp%2Fv2%2Ftags&post=233044"}],"curies":[{"name":"wp","href":"https:\/\/api.w.org\/{rel}","templated":true}]}}