{"id":23306,"date":"2015-05-15T18:01:17","date_gmt":"2015-05-15T15:01:17","guid":{"rendered":"http:\/\/sana.sy\/es\/?p=23306"},"modified":"2015-05-15T20:22:38","modified_gmt":"2015-05-15T17:22:38","slug":"al-mikdad-la-alianza-siria-irani-es-dificil-de-romper-a-pesar-de-todos-los-intentos","status":"publish","type":"post","link":"https:\/\/archive.sana.sy\/es\/?p=23306","title":{"rendered":"Al-Mikdad: la alianza siria-iran\u00ed es dif\u00edcil de romper a pesar de todos los intentos"},"content":{"rendered":"<p><span style=\"color: #0000ff\">Damasco-SANA<\/span><\/p>\n<p style=\"text-align: justify\">El viceministro de Asuntos Exteriores y Expatriados, Dr. Faisal al-Mikdad, afirm\u00f3 que la apuesta por romper la alianza entre Siria e Ir\u00e1n ha fracasado.<\/p>\n<p style=\"text-align: justify\">En declaraciones al canal de televisi\u00f3n libanesa Al-Manar, durante una entrevista la noche del jueves, al -Mikdad dijo que algunos pa\u00edses intentaron romper la alianza entre Siria e Ir\u00e1n y el Eje de la Resistencia, pero se han fracasado.<\/p>\n<p style=\"text-align: justify\">&#8220;El eje de la Resistencia y Siria est\u00e1n logrando nuevos avances y \u00e9xitos cada d\u00eda&#8221;, dijo al- Mikdad, se\u00f1alando que la victoria de Siria en la guerra emprendida contra ella y liderada internacionalmente dar\u00eda &#8220;una dura lecci\u00f3n&#8221; a los que tratan de utilizar a los terroristas y asesinos para alcanzar fines pol\u00edticos.<\/p>\n<p style=\"text-align: justify\">&#8220;No tenemos miedo de ninguna amenaza, y los que tratan de socavar la soberan\u00eda y la independencia de Siria encontrar\u00e1n una respuesta aplastante del pueblo sirio, el ej\u00e9rcito y los amigos de Siria &#8220;, a\u00f1adi\u00f3 el titular sirio.<\/p>\n<p style=\"text-align: justify\">En el mismo contexto, al-Mikdad destac\u00f3 que Siria est\u00e1 orgullosa de su alianza con el movimiento de resistencia libanesa \u201cHezbol\u00e1\u201d cuyos h\u00e9roes han sacrificado sus almas para defender la soberan\u00eda de Siria quien adem\u00e1s se siente orgullosa de las relaciones estrat\u00e9gicas y fuertes con Ir\u00e1n y Rusia.<\/p>\n<p style=\"text-align: justify\">\n<p><span style=\"color: #800000\">M.Miri, Riad.Sh<\/span><\/p>\n","protected":false},"excerpt":{"rendered":"<p>Damasco-SANA El viceministro de Asuntos Exteriores y Expatriados, Dr. Faisal al-Mikdad, afirm\u00f3 que la apuesta por romper la alianza entre Siria e Ir\u00e1n ha fracasado. En declaraciones al canal de televisi\u00f3n libanesa Al-Manar, durante una entrevista la noche del jueves, al -Mikdad dijo que algunos pa\u00edses intentaron romper la alianza entre Siria e Ir\u00e1n y &hellip;<\/p>\n","protected":false},"author":1,"featured_media":23307,"comment_status":"closed","ping_status":"closed","sticky":false,"template":"","format":"standard","meta":{"footnotes":""},"categories":[597,456,457,576],"tags":[5273],"class_list":["post-23306","post","type-post","status-publish","format-standard","has-post-thumbnail","","category-cinta-de-noticias","category-arabe-internacional-politica","category-noticias-arabe-internacional-politica","category-noticias-politicas","tag-al-mikdad-la-alianza-siria-irani-es-dificil-de-romper-a-pesar-de-todos-los-intentos"],"_links":{"self":[{"href":"https:\/\/archive.sana.sy\/es\/index.php?rest_route=\/wp\/v2\/posts\/23306"}],"collection":[{"href":"https:\/\/archive.sana.sy\/es\/index.php?rest_route=\/wp\/v2\/posts"}],"about":[{"href":"https:\/\/archive.sana.sy\/es\/index.php?rest_route=\/wp\/v2\/types\/post"}],"author":[{"embeddable":true,"href":"https:\/\/archive.sana.sy\/es\/index.php?rest_route=\/wp\/v2\/users\/1"}],"replies":[{"embeddable":true,"href":"https:\/\/archive.sana.sy\/es\/index.php?rest_route=%2Fwp%2Fv2%2Fcomments&post=23306"}],"version-history":[{"count":0,"href":"https:\/\/archive.sana.sy\/es\/index.php?rest_route=\/wp\/v2\/posts\/23306\/revisions"}],"wp:featuredmedia":[{"embeddable":true,"href":"https:\/\/archive.sana.sy\/es\/index.php?rest_route=\/wp\/v2\/media\/23307"}],"wp:attachment":[{"href":"https:\/\/archive.sana.sy\/es\/index.php?rest_route=%2Fwp%2Fv2%2Fmedia&parent=23306"}],"wp:term":[{"taxonomy":"category","embeddable":true,"href":"https:\/\/archive.sana.sy\/es\/index.php?rest_route=%2Fwp%2Fv2%2Fcategories&post=23306"},{"taxonomy":"post_tag","embeddable":true,"href":"https:\/\/archive.sana.sy\/es\/index.php?rest_route=%2Fwp%2Fv2%2Ftags&post=23306"}],"curies":[{"name":"wp","href":"https:\/\/api.w.org\/{rel}","templated":true}]}}