{"id":233121,"date":"2022-05-11T15:44:40","date_gmt":"2022-05-11T12:44:40","guid":{"rendered":"http:\/\/107.6.182.27\/es\/?p=233121"},"modified":"2022-05-11T15:47:22","modified_gmt":"2022-05-11T12:47:22","slug":"energica-condena-de-siria-a-practicas-criminales-y-agresivas-de-israel-contra-palestinos","status":"publish","type":"post","link":"https:\/\/archive.sana.sy\/es\/?p=233121","title":{"rendered":"En\u00e9rgica condena de Siria a pr\u00e1cticas criminales y agresivas de \u201cIsrael\u201d contra palestinos"},"content":{"rendered":"<p style=\"text-align: justify;\"><strong>Canciller\u00eda reiter\u00f3 el apoyo de Siria al pueblo palestino y su derecho a la libertad y la independencia, y a poner fin a la ocupaci\u00f3n israel\u00ed.<\/strong><\/p>\n<p style=\"text-align: justify;\">Damasco, 11 may (SANA)\u00a0 Siria conden\u00f3 hoy las continuas agresiones de las fuerzas de ocupaci\u00f3n israel\u00edes contra el pueblo palestino en los territorios palestinos ocupados, especialmente en la ciudad de Jerusal\u00e9n.<\/p>\n<p style=\"text-align: justify;\">Un comunicado emitido por el Ministerio de Asuntos Exteriores y Expatriados afirm\u00f3 que el gobierno de la Rep\u00fablica \u00c1rabe Siria condena en los t\u00e9rminos m\u00e1s en\u00e9rgicos los continuos ataques de las fuerzas de ocupaci\u00f3n israel\u00edes contra el pueblo palestino en los territorios palestinos ocupados, especialmente en la ciudad de Jerusal\u00e9n.<\/p>\n<p style=\"text-align: justify;\">\u201cManadas de colonos israel\u00edes profanan la santa Mezquita Al-Aqsa protegidos por las fuerzas de ocupaci\u00f3n que ejercen los peores tipos de abuso contra el pueblo palestino\u201d, indic\u00f3 el texto de la nota.<\/p>\n<p style=\"text-align: justify;\">Agreg\u00f3 que Siria tambi\u00e9n condena las incursiones de las fuerzas de ocupaci\u00f3n israel\u00edes en ciudades y pueblos palestinos, donde demuelen casas, arrasan tierras y \u00e1rboles y desplazan a los residentes de sus \u00e1reas y confiscan sus tierras para construir colonias.<\/p>\n<p style=\"text-align: justify;\">Ello constituye una violaci\u00f3n flagrante del derecho internacional y las resoluciones del Consejo de Seguridad y la Asamblea General de las Naciones Unidas, asegur\u00f3.<\/p>\n<p style=\"text-align: justify;\">Canciller\u00eda reiter\u00f3 el apoyo de Siria al pueblo palestino y su derecho a la libertad y la independencia, y a poner fin a la ocupaci\u00f3n israel\u00ed.<\/p>\n<p>ed\/fm<\/p>\n","protected":false},"excerpt":{"rendered":"<p>Canciller\u00eda reiter\u00f3 el apoyo de Siria al pueblo palestino y su derecho a la libertad y la independencia, y a poner fin a la ocupaci\u00f3n israel\u00ed. Damasco, 11 may (SANA)\u00a0 Siria conden\u00f3 hoy las continuas agresiones de las fuerzas de ocupaci\u00f3n israel\u00edes contra el pueblo palestino en los territorios palestinos ocupados, especialmente en la ciudad &hellip;<\/p>\n","protected":false},"author":32,"featured_media":233124,"comment_status":"closed","ping_status":"closed","sticky":false,"template":"","format":"standard","meta":{"footnotes":""},"categories":[447,477,597,476,583],"tags":[],"class_list":["post-233121","post","type-post","status-publish","format-standard","has-post-thumbnail","","category-local-politica","category-noticias-edulcorantes","category-cinta-de-noticias","category-locales","category-slide"],"_links":{"self":[{"href":"https:\/\/archive.sana.sy\/es\/index.php?rest_route=\/wp\/v2\/posts\/233121"}],"collection":[{"href":"https:\/\/archive.sana.sy\/es\/index.php?rest_route=\/wp\/v2\/posts"}],"about":[{"href":"https:\/\/archive.sana.sy\/es\/index.php?rest_route=\/wp\/v2\/types\/post"}],"author":[{"embeddable":true,"href":"https:\/\/archive.sana.sy\/es\/index.php?rest_route=\/wp\/v2\/users\/32"}],"replies":[{"embeddable":true,"href":"https:\/\/archive.sana.sy\/es\/index.php?rest_route=%2Fwp%2Fv2%2Fcomments&post=233121"}],"version-history":[{"count":0,"href":"https:\/\/archive.sana.sy\/es\/index.php?rest_route=\/wp\/v2\/posts\/233121\/revisions"}],"wp:featuredmedia":[{"embeddable":true,"href":"https:\/\/archive.sana.sy\/es\/index.php?rest_route=\/wp\/v2\/media\/233124"}],"wp:attachment":[{"href":"https:\/\/archive.sana.sy\/es\/index.php?rest_route=%2Fwp%2Fv2%2Fmedia&parent=233121"}],"wp:term":[{"taxonomy":"category","embeddable":true,"href":"https:\/\/archive.sana.sy\/es\/index.php?rest_route=%2Fwp%2Fv2%2Fcategories&post=233121"},{"taxonomy":"post_tag","embeddable":true,"href":"https:\/\/archive.sana.sy\/es\/index.php?rest_route=%2Fwp%2Fv2%2Ftags&post=233121"}],"curies":[{"name":"wp","href":"https:\/\/api.w.org\/{rel}","templated":true}]}}