{"id":233199,"date":"2022-05-12T08:30:47","date_gmt":"2022-05-12T05:30:47","guid":{"rendered":"http:\/\/107.6.182.27\/es\/?p=233199"},"modified":"2022-05-12T08:37:46","modified_gmt":"2022-05-12T05:37:46","slug":"siria-y-austria-conversan-para-impulsar-cooperacion-academica","status":"publish","type":"post","link":"https:\/\/archive.sana.sy\/es\/?p=233199","title":{"rendered":"Siria y Austria conversan para impulsar cooperaci\u00f3n acad\u00e9mica"},"content":{"rendered":"<blockquote>\n<p style=\"text-align: justify;\">Se acord\u00f3 inicialmente organizar una semana cultural sirio-alemana en la universidad en cooperaci\u00f3n con la parte austriaca, y ello constituir\u00eda una oportunidad para calificar a los profesores y capacitar al personal docente en el departamento de idioma alem\u00e1n, y luego extender la cooperaci\u00f3n cient\u00edfica y cultural hacia muchas universidades austriacas.<\/p>\n<\/blockquote>\n<p style=\"text-align: justify;\"><strong>Damasco, 12 may (SANA)<\/strong>\u00a0 El rector de la Universidad de Damasco, Muhammad Osama Al-Jabban y el encargado de negocios de la Embajada de Austria en Damasco, el Profesor Peter Kreuz, abordaron las \u00e1reas de cooperaci\u00f3n entre la Universidad de Damasco, en particular con el Departamento de Lengua Alemana, y las universidades austriacas.<\/p>\n<p style=\"text-align: justify;\">Durante la reuni\u00f3n, las dos partes repasaron la posibilidad de que la parte austriaca proporcione asistencia al Departamento de Lengua Alemana mediante la capacitaci\u00f3n del personal docente del departamento y proporcionarle libros y publicaciones culturales, adem\u00e1s de organizar visitas de profesores austriacos y centrarse en la literatura austriaca.<\/p>\n<p style=\"text-align: justify;\">Se acord\u00f3 inicialmente organizar una semana cultural sirio-alemana en la universidad en cooperaci\u00f3n con la parte austriaca, y ello constituir\u00eda una oportunidad para calificar a los profesores y capacitar al personal docente en el departamento de idioma alem\u00e1n, y luego extender la cooperaci\u00f3n cient\u00edfica y cultural hacia muchas universidades austriacas.<\/p>\n<p style=\"text-align: justify;\">El jefe del Departamento de Lengua Alemana de la Universidad de Damasco, Jihad Abboud, se\u00f1al\u00f3 la necesidad de apoyar el departamento por parte de Austria a trav\u00e9s del intercambio cultural, la contribuci\u00f3n a la impartici\u00f3n de conferencias o conceder oportunidades para que los estudiantes destacados completen sus estudios en Austria.<\/p>\n<p style=\"text-align: justify;\">Por su parte, Kroes expres\u00f3 la disposici\u00f3n de la embajada de Austria para apoyar las necesidades del departamento al obsequiar una biblioteca con libros en alem\u00e1n e invitar a profesores a visitar una universidad austriaca como una especie de intercambio de experiencias entre las dos partes.<\/p>\n<p style=\"text-align: justify;\"><em><strong>fm\/ws<\/strong><\/em><\/p>\n","protected":false},"excerpt":{"rendered":"<p>Se acord\u00f3 inicialmente organizar una semana cultural sirio-alemana en la universidad en cooperaci\u00f3n con la parte austriaca, y ello constituir\u00eda una oportunidad para calificar a los profesores y capacitar al personal docente en el departamento de idioma alem\u00e1n, y luego extender la cooperaci\u00f3n cient\u00edfica y cultural hacia muchas universidades austriacas. Damasco, 12 may (SANA)\u00a0 El &hellip;<\/p>\n","protected":false},"author":35,"featured_media":233200,"comment_status":"closed","ping_status":"closed","sticky":false,"template":"","format":"standard","meta":{"footnotes":""},"categories":[597,467,7541],"tags":[],"class_list":["post-233199","post","type-post","status-publish","format-standard","has-post-thumbnail","","category-cinta-de-noticias","category-siria-y-el-mundo","category-ultimas-noticias"],"_links":{"self":[{"href":"https:\/\/archive.sana.sy\/es\/index.php?rest_route=\/wp\/v2\/posts\/233199"}],"collection":[{"href":"https:\/\/archive.sana.sy\/es\/index.php?rest_route=\/wp\/v2\/posts"}],"about":[{"href":"https:\/\/archive.sana.sy\/es\/index.php?rest_route=\/wp\/v2\/types\/post"}],"author":[{"embeddable":true,"href":"https:\/\/archive.sana.sy\/es\/index.php?rest_route=\/wp\/v2\/users\/35"}],"replies":[{"embeddable":true,"href":"https:\/\/archive.sana.sy\/es\/index.php?rest_route=%2Fwp%2Fv2%2Fcomments&post=233199"}],"version-history":[{"count":0,"href":"https:\/\/archive.sana.sy\/es\/index.php?rest_route=\/wp\/v2\/posts\/233199\/revisions"}],"wp:featuredmedia":[{"embeddable":true,"href":"https:\/\/archive.sana.sy\/es\/index.php?rest_route=\/wp\/v2\/media\/233200"}],"wp:attachment":[{"href":"https:\/\/archive.sana.sy\/es\/index.php?rest_route=%2Fwp%2Fv2%2Fmedia&parent=233199"}],"wp:term":[{"taxonomy":"category","embeddable":true,"href":"https:\/\/archive.sana.sy\/es\/index.php?rest_route=%2Fwp%2Fv2%2Fcategories&post=233199"},{"taxonomy":"post_tag","embeddable":true,"href":"https:\/\/archive.sana.sy\/es\/index.php?rest_route=%2Fwp%2Fv2%2Ftags&post=233199"}],"curies":[{"name":"wp","href":"https:\/\/api.w.org\/{rel}","templated":true}]}}