{"id":233204,"date":"2022-05-12T09:48:18","date_gmt":"2022-05-12T06:48:18","guid":{"rendered":"http:\/\/107.6.182.27\/es\/?p=233204"},"modified":"2023-01-10T15:32:44","modified_gmt":"2023-01-10T13:32:44","slug":"titulares-de-la-agencia-sana-12-mayo-2022","status":"publish","type":"post","link":"https:\/\/archive.sana.sy\/es\/?p=233204","title":{"rendered":"Titulares de la agencia SANA, 12 mayo 2022"},"content":{"rendered":"<p><strong>Damasco, 12 may (SANA)<\/strong><\/p>\n<p>????????El Presidente y la Primera Dama asisten a una celebraci\u00f3n por el D\u00eda de los M\u00e1rtires .<\/p>\n<p>????????Agresi\u00f3n israel\u00ed con misiles contra Hadar, provincia de Quneitera.<\/p>\n<p>????????Militares de &#8220;Israel&#8221; asesinan a una periodista palestina con un disparo en la cabeza.<\/p>\n<p>????????Siria y Austria conversan para impulsar cooperaci\u00f3n acad\u00e9mica.<\/p>\n<p>????????Desfile de moda en Siria con vestidos inspirados de las Princesas de Disney .<\/p>\n<p>????????Ministro de Defensa: nuestro pueblo merece vida y victoria.<\/p>\n<p>????????Terroristas apoyados por Ankara bombardean con artiller\u00eda varias zonas al norte de Raqa.<\/p>\n<p>&nbsp;<\/p>\n<p>&nbsp;<\/p>\n<p>&nbsp;<\/p>\n","protected":false},"excerpt":{"rendered":"<p>Damasco, 12 may (SANA) ????????El Presidente y la Primera Dama asisten a una celebraci\u00f3n por el D\u00eda de los M\u00e1rtires . ????????Agresi\u00f3n israel\u00ed con misiles contra Hadar, provincia de Quneitera. ????????Militares de &#8220;Israel&#8221; asesinan a una periodista palestina con un disparo en la cabeza. ????????Siria y Austria conversan para impulsar cooperaci\u00f3n acad\u00e9mica. ????????Desfile de moda &hellip;<\/p>\n","protected":false},"author":35,"featured_media":233205,"comment_status":"closed","ping_status":"closed","sticky":false,"template":"","format":"standard","meta":{"footnotes":""},"categories":[447,555,597,476,7541],"tags":[],"class_list":["post-233204","post","type-post","status-publish","format-standard","has-post-thumbnail","","category-local-politica","category-prensa","category-cinta-de-noticias","category-locales","category-ultimas-noticias"],"_links":{"self":[{"href":"https:\/\/archive.sana.sy\/es\/index.php?rest_route=\/wp\/v2\/posts\/233204"}],"collection":[{"href":"https:\/\/archive.sana.sy\/es\/index.php?rest_route=\/wp\/v2\/posts"}],"about":[{"href":"https:\/\/archive.sana.sy\/es\/index.php?rest_route=\/wp\/v2\/types\/post"}],"author":[{"embeddable":true,"href":"https:\/\/archive.sana.sy\/es\/index.php?rest_route=\/wp\/v2\/users\/35"}],"replies":[{"embeddable":true,"href":"https:\/\/archive.sana.sy\/es\/index.php?rest_route=%2Fwp%2Fv2%2Fcomments&post=233204"}],"version-history":[{"count":0,"href":"https:\/\/archive.sana.sy\/es\/index.php?rest_route=\/wp\/v2\/posts\/233204\/revisions"}],"wp:featuredmedia":[{"embeddable":true,"href":"https:\/\/archive.sana.sy\/es\/index.php?rest_route=\/wp\/v2\/media\/233205"}],"wp:attachment":[{"href":"https:\/\/archive.sana.sy\/es\/index.php?rest_route=%2Fwp%2Fv2%2Fmedia&parent=233204"}],"wp:term":[{"taxonomy":"category","embeddable":true,"href":"https:\/\/archive.sana.sy\/es\/index.php?rest_route=%2Fwp%2Fv2%2Fcategories&post=233204"},{"taxonomy":"post_tag","embeddable":true,"href":"https:\/\/archive.sana.sy\/es\/index.php?rest_route=%2Fwp%2Fv2%2Ftags&post=233204"}],"curies":[{"name":"wp","href":"https:\/\/api.w.org\/{rel}","templated":true}]}}