{"id":233207,"date":"2022-05-12T09:53:31","date_gmt":"2022-05-12T06:53:31","guid":{"rendered":"http:\/\/107.6.182.27\/es\/?p=233207"},"modified":"2023-01-10T16:18:55","modified_gmt":"2023-01-10T14:18:55","slug":"minuto-a-minuto-78-dias-de-la-operacion-especial-rusa-en-ucrania","status":"publish","type":"post","link":"https:\/\/archive.sana.sy\/es\/?p=233207","title":{"rendered":"Minuto a Minuto\u2026 78 d\u00edas de la operaci\u00f3n especial rusa en Ucrania"},"content":{"rendered":"<p style=\"text-align: justify;\"><strong><span style=\"color: #800000;\">Mosc\u00fa, 12 may (SANA)<\/span><\/strong><\/p>\n<p style=\"text-align: justify;\">????????Defensa rusa: los nazis planean volar un puente en Dnipropetrovsk para acusar a Rusia.<\/p>\n<p style=\"text-align: justify;\">????????Funcionarios de la regi\u00f3n de Jers\u00f3n: Seguiremos trabajando por nuestra participaci\u00f3n en Rusia.<\/p>\n<p style=\"text-align: justify;\">????????Las autoridades de Donetsk evacuan a m\u00e1s de 370 personas de Mariupol a Bizimenoy.<\/p>\n<p style=\"text-align: justify;\">????????Hungr\u00eda: no permitir\u00e1 la transferencia de armas a Ucrania a trav\u00e9s de nuestro territorio.<\/p>\n<p style=\"text-align: justify;\">????????El ej\u00e9rcito ruso incauta armas occidentales en la ciudad de Krasnyi Lyman.<\/p>\n<p>ed\/fm<\/p>\n","protected":false},"excerpt":{"rendered":"<p>Mosc\u00fa, 12 may (SANA) ????????Defensa rusa: los nazis planean volar un puente en Dnipropetrovsk para acusar a Rusia. ????????Funcionarios de la regi\u00f3n de Jers\u00f3n: Seguiremos trabajando por nuestra participaci\u00f3n en Rusia. ????????Las autoridades de Donetsk evacuan a m\u00e1s de 370 personas de Mariupol a Bizimenoy. ????????Hungr\u00eda: no permitir\u00e1 la transferencia de armas a Ucrania a &hellip;<\/p>\n","protected":false},"author":32,"featured_media":233208,"comment_status":"closed","ping_status":"closed","sticky":false,"template":"","format":"standard","meta":{"footnotes":""},"categories":[597,456,7541],"tags":[],"class_list":["post-233207","post","type-post","status-publish","format-standard","has-post-thumbnail","","category-cinta-de-noticias","category-arabe-internacional-politica","category-ultimas-noticias"],"_links":{"self":[{"href":"https:\/\/archive.sana.sy\/es\/index.php?rest_route=\/wp\/v2\/posts\/233207"}],"collection":[{"href":"https:\/\/archive.sana.sy\/es\/index.php?rest_route=\/wp\/v2\/posts"}],"about":[{"href":"https:\/\/archive.sana.sy\/es\/index.php?rest_route=\/wp\/v2\/types\/post"}],"author":[{"embeddable":true,"href":"https:\/\/archive.sana.sy\/es\/index.php?rest_route=\/wp\/v2\/users\/32"}],"replies":[{"embeddable":true,"href":"https:\/\/archive.sana.sy\/es\/index.php?rest_route=%2Fwp%2Fv2%2Fcomments&post=233207"}],"version-history":[{"count":0,"href":"https:\/\/archive.sana.sy\/es\/index.php?rest_route=\/wp\/v2\/posts\/233207\/revisions"}],"wp:featuredmedia":[{"embeddable":true,"href":"https:\/\/archive.sana.sy\/es\/index.php?rest_route=\/wp\/v2\/media\/233208"}],"wp:attachment":[{"href":"https:\/\/archive.sana.sy\/es\/index.php?rest_route=%2Fwp%2Fv2%2Fmedia&parent=233207"}],"wp:term":[{"taxonomy":"category","embeddable":true,"href":"https:\/\/archive.sana.sy\/es\/index.php?rest_route=%2Fwp%2Fv2%2Fcategories&post=233207"},{"taxonomy":"post_tag","embeddable":true,"href":"https:\/\/archive.sana.sy\/es\/index.php?rest_route=%2Fwp%2Fv2%2Ftags&post=233207"}],"curies":[{"name":"wp","href":"https:\/\/api.w.org\/{rel}","templated":true}]}}