{"id":233256,"date":"2022-05-12T13:05:11","date_gmt":"2022-05-12T10:05:11","guid":{"rendered":"http:\/\/107.6.182.27\/es\/?p=233256"},"modified":"2022-05-12T13:05:11","modified_gmt":"2022-05-12T10:05:11","slug":"rusia-advierte-que-respondera-duro-a-cualquier-pais-que-intente-interferir-en-su-operacion-militar-en-ucrania-y-asegura-que-la-afiliacion-de-finlandia-y-suecia-a-la-otan-constituye-una-amenaza","status":"publish","type":"post","link":"https:\/\/archive.sana.sy\/es\/?p=233256","title":{"rendered":"Rusia advierte que responder\u00e1 duro a cualquier pa\u00eds que intente interferir en su operaci\u00f3n militar en Ucrania, y asegura que la afiliaci\u00f3n de Finlandia y Suecia a la OTAN constituye una amenaza"},"content":{"rendered":"","protected":false},"excerpt":{"rendered":"","protected":false},"author":32,"featured_media":0,"comment_status":"closed","ping_status":"closed","sticky":false,"template":"","format":"standard","meta":{"footnotes":""},"categories":[596],"tags":[],"class_list":["post-233256","post","type-post","status-publish","format-standard","","category-urgente"],"_links":{"self":[{"href":"https:\/\/archive.sana.sy\/es\/index.php?rest_route=\/wp\/v2\/posts\/233256"}],"collection":[{"href":"https:\/\/archive.sana.sy\/es\/index.php?rest_route=\/wp\/v2\/posts"}],"about":[{"href":"https:\/\/archive.sana.sy\/es\/index.php?rest_route=\/wp\/v2\/types\/post"}],"author":[{"embeddable":true,"href":"https:\/\/archive.sana.sy\/es\/index.php?rest_route=\/wp\/v2\/users\/32"}],"replies":[{"embeddable":true,"href":"https:\/\/archive.sana.sy\/es\/index.php?rest_route=%2Fwp%2Fv2%2Fcomments&post=233256"}],"version-history":[{"count":0,"href":"https:\/\/archive.sana.sy\/es\/index.php?rest_route=\/wp\/v2\/posts\/233256\/revisions"}],"wp:attachment":[{"href":"https:\/\/archive.sana.sy\/es\/index.php?rest_route=%2Fwp%2Fv2%2Fmedia&parent=233256"}],"wp:term":[{"taxonomy":"category","embeddable":true,"href":"https:\/\/archive.sana.sy\/es\/index.php?rest_route=%2Fwp%2Fv2%2Fcategories&post=233256"},{"taxonomy":"post_tag","embeddable":true,"href":"https:\/\/archive.sana.sy\/es\/index.php?rest_route=%2Fwp%2Fv2%2Ftags&post=233256"}],"curies":[{"name":"wp","href":"https:\/\/api.w.org\/{rel}","templated":true}]}}