{"id":233282,"date":"2022-05-12T15:39:01","date_gmt":"2022-05-12T12:39:01","guid":{"rendered":"http:\/\/107.6.182.27\/es\/?p=233282"},"modified":"2022-05-12T15:52:11","modified_gmt":"2022-05-12T12:52:11","slug":"la-union-de-escritores-arabes-condena-el-asesinato-de-la-periodista-shirin-abu-aklah","status":"publish","type":"post","link":"https:\/\/archive.sana.sy\/es\/?p=233282","title":{"rendered":"La Uni\u00f3n de Escritores \u00c1rabes condena el asesinato de la periodista Shirin Abu Aklah"},"content":{"rendered":"<blockquote><p><strong>\u201cCondenamos en los t\u00e9rminos m\u00e1s en\u00e9rgicos este crimen que se suma al historial de cr\u00edmenes del ocupante, e instamos al mundo entero que apoye la causa del pueblo palestino y sus derechos leg\u00edtimos, en primer lugar, el derecho al retorno, la libre determinaci\u00f3n y el establecimiento de un Estado en su suelo nacional\u201d, expres\u00f3 el comunicado.<\/strong><\/p>\n<p>&nbsp;<\/p><\/blockquote>\n<p style=\"text-align: justify;\"><strong><span style=\"color: #800000;\">Damasco, 12 may (SANA)<\/span><\/strong>\u00a0 \u00a0 El asesinato de la periodista palestina Shirin Abu Aklah es un nuevo crimen que se suma a los anteriores del ocupante israel\u00ed contra el pueblo palestino que enfrenta la agresi\u00f3n y arrogancia sionista, manifest\u00f3 la Uni\u00f3n de Escritores \u00c1rabes.<\/p>\n<p style=\"text-align: justify;\">En un comunicado emitido hoy, la Uni\u00f3n fustig\u00f3 que el crimen constituye un intento de las autoridades de ocupaci\u00f3n para impedir la difusi\u00f3n de la verdad ante un silencio vergonzosa de la comunidad internacional hacia estos cr\u00edmenes.<\/p>\n<p>\u201cCondenamos en los t\u00e9rminos m\u00e1s en\u00e9rgicos este crimen que se suma al historial de cr\u00edmenes del ocupante, e instamos al mundo entero que apoye la causa del pueblo palestino y sus derechos leg\u00edtimos, en primer lugar, el derecho al retorno, la libre determinaci\u00f3n y el establecimiento de un Estado en su suelo nacional\u201d, expres\u00f3 el comunicado.<\/p>\n<p style=\"text-align: justify;\">La Uni\u00f3n subray\u00f3 que la fuerza y la resistencia de la palabra y la acci\u00f3n son la \u00fanica manera de detener la agresi\u00f3n del ocupante.<\/p>\n<p style=\"text-align: justify;\"><em><strong>ah\/fm<\/strong><\/em><\/p>\n<div class=\"addtoany_share_save_container addtoany_content addtoany_content_bottom\">\n<div class=\"a2a_kit a2a_kit_size_32 addtoany_list\" style=\"text-align: justify;\" data-a2a-url=\"http:\/\/www.sana.sy\/es\/?p=233270\" data-a2a-title=\"Fuerzas turcas asesinan a un civil sirio en al-Malikieh\/ Hasakeh\"><\/div>\n<\/div>\n","protected":false},"excerpt":{"rendered":"<p>\u201cCondenamos en los t\u00e9rminos m\u00e1s en\u00e9rgicos este crimen que se suma al historial de cr\u00edmenes del ocupante, e instamos al mundo entero que apoye la causa del pueblo palestino y sus derechos leg\u00edtimos, en primer lugar, el derecho al retorno, la libre determinaci\u00f3n y el establecimiento de un Estado en su suelo nacional\u201d, expres\u00f3 el &hellip;<\/p>\n","protected":false},"author":32,"featured_media":233283,"comment_status":"closed","ping_status":"closed","sticky":false,"template":"","format":"standard","meta":{"footnotes":""},"categories":[597,510,476,7541],"tags":[],"class_list":["post-233282","post","type-post","status-publish","format-standard","has-post-thumbnail","","category-cinta-de-noticias","category-arte-y-cultura","category-locales","category-ultimas-noticias"],"_links":{"self":[{"href":"https:\/\/archive.sana.sy\/es\/index.php?rest_route=\/wp\/v2\/posts\/233282"}],"collection":[{"href":"https:\/\/archive.sana.sy\/es\/index.php?rest_route=\/wp\/v2\/posts"}],"about":[{"href":"https:\/\/archive.sana.sy\/es\/index.php?rest_route=\/wp\/v2\/types\/post"}],"author":[{"embeddable":true,"href":"https:\/\/archive.sana.sy\/es\/index.php?rest_route=\/wp\/v2\/users\/32"}],"replies":[{"embeddable":true,"href":"https:\/\/archive.sana.sy\/es\/index.php?rest_route=%2Fwp%2Fv2%2Fcomments&post=233282"}],"version-history":[{"count":0,"href":"https:\/\/archive.sana.sy\/es\/index.php?rest_route=\/wp\/v2\/posts\/233282\/revisions"}],"wp:featuredmedia":[{"embeddable":true,"href":"https:\/\/archive.sana.sy\/es\/index.php?rest_route=\/wp\/v2\/media\/233283"}],"wp:attachment":[{"href":"https:\/\/archive.sana.sy\/es\/index.php?rest_route=%2Fwp%2Fv2%2Fmedia&parent=233282"}],"wp:term":[{"taxonomy":"category","embeddable":true,"href":"https:\/\/archive.sana.sy\/es\/index.php?rest_route=%2Fwp%2Fv2%2Fcategories&post=233282"},{"taxonomy":"post_tag","embeddable":true,"href":"https:\/\/archive.sana.sy\/es\/index.php?rest_route=%2Fwp%2Fv2%2Ftags&post=233282"}],"curies":[{"name":"wp","href":"https:\/\/api.w.org\/{rel}","templated":true}]}}