{"id":23329,"date":"2015-05-15T20:25:59","date_gmt":"2015-05-15T17:25:59","guid":{"rendered":"http:\/\/sana.sy\/es\/?p=23329"},"modified":"2015-05-16T17:04:42","modified_gmt":"2015-05-16T14:04:42","slug":"un-bazar-de-caridad-de-las-mujeres-abre-sus-puertas-al-publico-en-damasco","status":"publish","type":"post","link":"https:\/\/archive.sana.sy\/es\/?p=23329","title":{"rendered":"Un Bazar de Caridad de las mujeres abre sus puertas al p\u00fablico en Damasco"},"content":{"rendered":"<p><span style=\"color: #800000\">Damasco-SANA<\/span><\/p>\n<p style=\"text-align: justify\">La Ministra de Asuntos Sociales, inaugur\u00f3 el jueves un Bazar de Caridad titulado \u201cLas mujeres&#8230;forjan patria\u201d, en la Casa de la \u00d3pera de Damasco.<\/p>\n<p style=\"text-align: justify\">El evento se realiz\u00f3 en cooperaci\u00f3n con el Fondo de Poblaci\u00f3n de las Naciones Unidas (UNFPA).<\/p>\n<p style=\"text-align: justify\">La ministro al-Shammat dijo al respecto, que la participaci\u00f3n de las mujeres en el bazar afirma que todav\u00eda son capaces de dar y resistir, afirmando que el bazar encarna el mecanismo de empoderamiento del ministerio que busca empoderar a las mujeres a trav\u00e9s de sus programas y animarlas a formar parte del trabajo productivo.<\/p>\n<p style=\"text-align: justify\">Por su parte, La Dra. Buzaina Shaab\u00e1n, Consejera Pol\u00edtica y de Medios en la Presidencia de la Rep\u00fablica, dijo que el bazar da el mensaje de que los sirios no pueden ser vencidos, y agreg\u00f3 que son capaces de superar las dificultades y pruebas a trav\u00e9s de la innovaci\u00f3n y el talento.<\/p>\n<p style=\"text-align: justify\">En paralelo, Rania al-Ahmar, la directora de programas de desarrollo de las mujeres en el FNUAP, se\u00f1al\u00f3 la importancia de la realizaci\u00f3n de eventos para la mujer a fin de ayudarla a encontrar un recurso de ingresos y aumentar su papel en la sociedad.<\/p>\n<p style=\"text-align: justify\">El bazar incluye productos hechos a mano como alfombras, lana y seda bordada, y cuyos beneficios ser\u00e1n designados a tres asociaciones ben\u00e9ficas.<\/p>\n<p><span style=\"color: #800000\">M.Miri, Riad.Sh<\/span><\/p>\n","protected":false},"excerpt":{"rendered":"<p>Damasco-SANA La Ministra de Asuntos Sociales, inaugur\u00f3 el jueves un Bazar de Caridad titulado \u201cLas mujeres&#8230;forjan patria\u201d, en la Casa de la \u00d3pera de Damasco. El evento se realiz\u00f3 en cooperaci\u00f3n con el Fondo de Poblaci\u00f3n de las Naciones Unidas (UNFPA). La ministro al-Shammat dijo al respecto, que la participaci\u00f3n de las mujeres en el &hellip;<\/p>\n","protected":false},"author":1,"featured_media":23330,"comment_status":"closed","ping_status":"closed","sticky":false,"template":"","format":"standard","meta":{"footnotes":""},"categories":[477,510,476],"tags":[5278],"class_list":["post-23329","post","type-post","status-publish","format-standard","has-post-thumbnail","","category-noticias-edulcorantes","category-arte-y-cultura","category-locales","tag-un-bazar-de-caridad-de-las-mujeres-abre-sus-puertas-al-publico-en-damasco"],"_links":{"self":[{"href":"https:\/\/archive.sana.sy\/es\/index.php?rest_route=\/wp\/v2\/posts\/23329"}],"collection":[{"href":"https:\/\/archive.sana.sy\/es\/index.php?rest_route=\/wp\/v2\/posts"}],"about":[{"href":"https:\/\/archive.sana.sy\/es\/index.php?rest_route=\/wp\/v2\/types\/post"}],"author":[{"embeddable":true,"href":"https:\/\/archive.sana.sy\/es\/index.php?rest_route=\/wp\/v2\/users\/1"}],"replies":[{"embeddable":true,"href":"https:\/\/archive.sana.sy\/es\/index.php?rest_route=%2Fwp%2Fv2%2Fcomments&post=23329"}],"version-history":[{"count":0,"href":"https:\/\/archive.sana.sy\/es\/index.php?rest_route=\/wp\/v2\/posts\/23329\/revisions"}],"wp:featuredmedia":[{"embeddable":true,"href":"https:\/\/archive.sana.sy\/es\/index.php?rest_route=\/wp\/v2\/media\/23330"}],"wp:attachment":[{"href":"https:\/\/archive.sana.sy\/es\/index.php?rest_route=%2Fwp%2Fv2%2Fmedia&parent=23329"}],"wp:term":[{"taxonomy":"category","embeddable":true,"href":"https:\/\/archive.sana.sy\/es\/index.php?rest_route=%2Fwp%2Fv2%2Fcategories&post=23329"},{"taxonomy":"post_tag","embeddable":true,"href":"https:\/\/archive.sana.sy\/es\/index.php?rest_route=%2Fwp%2Fv2%2Ftags&post=23329"}],"curies":[{"name":"wp","href":"https:\/\/api.w.org\/{rel}","templated":true}]}}