{"id":233290,"date":"2022-05-12T16:46:34","date_gmt":"2022-05-12T13:46:34","guid":{"rendered":"http:\/\/107.6.182.27\/es\/?p=233290"},"modified":"2022-05-12T20:00:19","modified_gmt":"2022-05-12T17:00:19","slug":"al-mekdad-examina-con-alwaer-las-vias-para-llevar-las-ayudas-a-quienes-la-necesitan","status":"publish","type":"post","link":"https:\/\/archive.sana.sy\/es\/?p=233290","title":{"rendered":"Al-Mekdad examina con Alwaer las v\u00edas para llevar las ayudas a quienes la necesitan"},"content":{"rendered":"<p style=\"text-align: justify;\"><strong>Damasco, 12 may (SANA)\u00a0 <\/strong>El ministro de Exteriores y Expatriados, Faisal al-Mekdad, recibi\u00f3 a Abdulhakim Alwaer director general adjunto de la Organizaci\u00f3n de Alimentos y Agricultura de las Naciones Unidas (FAO por sus siglas en ingl\u00e9s).<\/p>\n<p style=\"text-align: justify;\">El titular expres\u00f3 que el gobierno sirio valora lo logrado en el contexto de la cooperaci\u00f3n actual y futura entre el gobierno sirio y la FAO en el \u00e1mbito de apoyar el sector agr\u00edcola y alimentario.<\/p>\n<p style=\"text-align: justify;\">Aplaudi\u00f3 los esfuerzos desplegados por la organizaci\u00f3n al ofrecer los accesorios para el proceso de producci\u00f3n agr\u00edcola, as\u00ed como todo lo que hace en el \u00e1mbito de la capacitaci\u00f3n y la prestaci\u00f3n de experticias.<\/p>\n<p style=\"text-align: justify;\">El canciller expres\u00f3 su esperanza en que los organismos internacionales operantes en Siria asuman sus responsabilidades y garanticen la llegada de las ayudas a los necesitados porque la labor de estas organizaciones debe centrarse en aliviar en la medida de lo posible el sufrimiento del pueblo sirio y ayudarlo a obtener los alimentos b\u00e1sicos que antes suministraba el estado sirio.<\/p>\n<p style=\"text-align: justify;\">Al-Mekdad subray\u00f3 que el gobierno sirio brinda todas las facilitaciones necesarias a la Organizaci\u00f3n de Agricultura y Alimentos para que pueda desempe\u00f1ar su labor b\u00e1sica.<\/p>\n<p style=\"text-align: justify;\">Por su parte Alwaer expres\u00f3 su gratitud por las facilitaciones brindadas para que la FAO pueda ejecutar sus misiones de apoyo al sector agropecuario, as\u00ed como hizo una panor\u00e1mica sobre los proyectos y actividades que la organizaci\u00f3n desarrolla en Siria en colaboraci\u00f3n con las entidades gubernamentales.<\/p>\n<p style=\"text-align: justify;\">Alwaer explic\u00f3 que el objetivo de su visita a Siria es conocer las prioridades y estrategias estatales y ahondar la sinergia.<\/p>\n<p style=\"text-align: justify;\"><em><strong>rsh\/ah<\/strong><\/em><\/p>\n","protected":false},"excerpt":{"rendered":"<p>Damasco, 12 may (SANA)\u00a0 El ministro de Exteriores y Expatriados, Faisal al-Mekdad, recibi\u00f3 a Abdulhakim Alwaer director general adjunto de la Organizaci\u00f3n de Alimentos y Agricultura de las Naciones Unidas (FAO por sus siglas en ingl\u00e9s). El titular expres\u00f3 que el gobierno sirio valora lo logrado en el contexto de la cooperaci\u00f3n actual y futura &hellip;<\/p>\n","protected":false},"author":30,"featured_media":233291,"comment_status":"closed","ping_status":"closed","sticky":false,"template":"","format":"standard","meta":{"footnotes":""},"categories":[597,476,7541],"tags":[],"class_list":["post-233290","post","type-post","status-publish","format-standard","has-post-thumbnail","","category-cinta-de-noticias","category-locales","category-ultimas-noticias"],"_links":{"self":[{"href":"https:\/\/archive.sana.sy\/es\/index.php?rest_route=\/wp\/v2\/posts\/233290"}],"collection":[{"href":"https:\/\/archive.sana.sy\/es\/index.php?rest_route=\/wp\/v2\/posts"}],"about":[{"href":"https:\/\/archive.sana.sy\/es\/index.php?rest_route=\/wp\/v2\/types\/post"}],"author":[{"embeddable":true,"href":"https:\/\/archive.sana.sy\/es\/index.php?rest_route=\/wp\/v2\/users\/30"}],"replies":[{"embeddable":true,"href":"https:\/\/archive.sana.sy\/es\/index.php?rest_route=%2Fwp%2Fv2%2Fcomments&post=233290"}],"version-history":[{"count":0,"href":"https:\/\/archive.sana.sy\/es\/index.php?rest_route=\/wp\/v2\/posts\/233290\/revisions"}],"wp:featuredmedia":[{"embeddable":true,"href":"https:\/\/archive.sana.sy\/es\/index.php?rest_route=\/wp\/v2\/media\/233291"}],"wp:attachment":[{"href":"https:\/\/archive.sana.sy\/es\/index.php?rest_route=%2Fwp%2Fv2%2Fmedia&parent=233290"}],"wp:term":[{"taxonomy":"category","embeddable":true,"href":"https:\/\/archive.sana.sy\/es\/index.php?rest_route=%2Fwp%2Fv2%2Fcategories&post=233290"},{"taxonomy":"post_tag","embeddable":true,"href":"https:\/\/archive.sana.sy\/es\/index.php?rest_route=%2Fwp%2Fv2%2Ftags&post=233290"}],"curies":[{"name":"wp","href":"https:\/\/api.w.org\/{rel}","templated":true}]}}