{"id":233298,"date":"2022-05-12T17:18:53","date_gmt":"2022-05-12T14:18:53","guid":{"rendered":"http:\/\/107.6.182.27\/es\/?p=233298"},"modified":"2023-01-10T16:18:53","modified_gmt":"2023-01-10T14:18:53","slug":"la-intervencion-extranjera-en-todas-sus-formas-perjudica-la-seguridad-de-la-region-reitera-presidente-irani","status":"publish","type":"post","link":"https:\/\/archive.sana.sy\/es\/?p=233298","title":{"rendered":"La intervenci\u00f3n extranjera en todas sus formas perjudica la seguridad de la regi\u00f3n, reitera presidente iran\u00ed"},"content":{"rendered":"<p style=\"text-align: justify;\"><strong>Teher\u00e1n, 12 may (SANA) <\/strong>El presidente iran\u00ed, Ibrahim Raisi, dijo que cualquier intervenci\u00f3n extranjera en Asia Occidental da\u00f1ar\u00eda la seguridad regional, asimismo llam\u00f3 a resolver los problemas regionales sin interferencia extranjera.<\/p>\n<p style=\"text-align: justify;\">&#8220;Los problemas regionales deben ser resueltos por los gobiernos de la regi\u00f3n dado que la intervenci\u00f3n de pa\u00edses extranjeros y occidentales no traer\u00e1 seguridad, sino m\u00e1s bien da\u00f1ar\u00e1 la seguridad de la regi\u00f3n&#8221;, dijo Raisi en una conferencia de prensa con el emir de catar\u00ed, Tamim bin Hamad al-Thani.<\/p>\n<p style=\"text-align: justify;\">Llam\u00f3 a poner fin al asfixiante asedio al pueblo yemen\u00ed, y respetar su autodeterminaci\u00f3n e invit\u00f3 a formar un gobierno incluyente en Afganist\u00e1n.<\/p>\n<p style=\"text-align: justify;\"><em><strong>ah\/rsh<\/strong><\/em><\/p>\n","protected":false},"excerpt":{"rendered":"<p>Teher\u00e1n, 12 may (SANA) El presidente iran\u00ed, Ibrahim Raisi, dijo que cualquier intervenci\u00f3n extranjera en Asia Occidental da\u00f1ar\u00eda la seguridad regional, asimismo llam\u00f3 a resolver los problemas regionales sin interferencia extranjera. &#8220;Los problemas regionales deben ser resueltos por los gobiernos de la regi\u00f3n dado que la intervenci\u00f3n de pa\u00edses extranjeros y occidentales no traer\u00e1 seguridad, &hellip;<\/p>\n","protected":false},"author":30,"featured_media":233299,"comment_status":"closed","ping_status":"closed","sticky":false,"template":"","format":"standard","meta":{"footnotes":""},"categories":[597,456],"tags":[],"class_list":["post-233298","post","type-post","status-publish","format-standard","has-post-thumbnail","","category-cinta-de-noticias","category-arabe-internacional-politica"],"_links":{"self":[{"href":"https:\/\/archive.sana.sy\/es\/index.php?rest_route=\/wp\/v2\/posts\/233298"}],"collection":[{"href":"https:\/\/archive.sana.sy\/es\/index.php?rest_route=\/wp\/v2\/posts"}],"about":[{"href":"https:\/\/archive.sana.sy\/es\/index.php?rest_route=\/wp\/v2\/types\/post"}],"author":[{"embeddable":true,"href":"https:\/\/archive.sana.sy\/es\/index.php?rest_route=\/wp\/v2\/users\/30"}],"replies":[{"embeddable":true,"href":"https:\/\/archive.sana.sy\/es\/index.php?rest_route=%2Fwp%2Fv2%2Fcomments&post=233298"}],"version-history":[{"count":0,"href":"https:\/\/archive.sana.sy\/es\/index.php?rest_route=\/wp\/v2\/posts\/233298\/revisions"}],"wp:featuredmedia":[{"embeddable":true,"href":"https:\/\/archive.sana.sy\/es\/index.php?rest_route=\/wp\/v2\/media\/233299"}],"wp:attachment":[{"href":"https:\/\/archive.sana.sy\/es\/index.php?rest_route=%2Fwp%2Fv2%2Fmedia&parent=233298"}],"wp:term":[{"taxonomy":"category","embeddable":true,"href":"https:\/\/archive.sana.sy\/es\/index.php?rest_route=%2Fwp%2Fv2%2Fcategories&post=233298"},{"taxonomy":"post_tag","embeddable":true,"href":"https:\/\/archive.sana.sy\/es\/index.php?rest_route=%2Fwp%2Fv2%2Ftags&post=233298"}],"curies":[{"name":"wp","href":"https:\/\/api.w.org\/{rel}","templated":true}]}}