{"id":233301,"date":"2022-05-12T17:36:07","date_gmt":"2022-05-12T14:36:07","guid":{"rendered":"http:\/\/107.6.182.27\/es\/?p=233301"},"modified":"2023-01-10T16:18:53","modified_gmt":"2023-01-10T14:18:53","slug":"ministerio-de-exteriores-de-rusia-las-autoridades-polacas-han-cruzado-todos-los-limites-de-la-cordura","status":"publish","type":"post","link":"https:\/\/archive.sana.sy\/es\/?p=233301","title":{"rendered":"Ministerio de Exteriores de Rusia: las autoridades polacas han cruzado todos los l\u00edmites de la cordura"},"content":{"rendered":"<p style=\"text-align: justify;\"><strong>Mosc\u00fa, 12 may (SANA) <\/strong>La portavoz del Ministerio de Exteriores de Rusia, Maria Zajarova, denunci\u00f3 que las autoridades polacas est\u00e1n actualmente a la vanguardia de los pa\u00edses hostiles y rus\u00f3fobos.<\/p>\n<p style=\"text-align: justify;\">&#8220;Las autoridades polacas han ido m\u00e1s all\u00e1 de todos los l\u00edmites de la raz\u00f3n y simplemente pisotearon la moralidad, que puede que ya no exista para ellos porque no solo consintieron la rusofobia sino que est\u00e1n a la vanguardia de esta&#8221;, dijo Zajarova al comentar el ataque ocurrido contra el embajador ruso en Varsovia, Sergei Andreyev, en el mausoleo conmemorativo a los soldados sovi\u00e9ticos el pasado lunes.<\/p>\n<p style=\"text-align: justify;\">&#8220;Planteamos este tema a nivel diplom\u00e1tico y nuestros ciudadanos respondieron a su manera&#8221;, agreg\u00f3.<\/p>\n<p style=\"text-align: justify;\">Anteriormente, el ministro de Relaciones Exteriores de Polonia, Zbigniew Rao, describi\u00f3 el ataque contra el embajador ruso Andreyev como un incidente lamentable, mientras fue pasiva la reacci\u00f3n del viceprimer ministro y ministro de Activos Estatales de Polonia, Jasic Sassine.<\/p>\n<p style=\"text-align: justify;\">La Comisi\u00f3n de Investigaci\u00f3n rusa dijo que determinar\u00eda las circunstancias del ataque contra diplom\u00e1ticos rusos en Polonia, identificar\u00eda a los involucrados y tomar\u00eda medidas para llevarlos ante la justicia.<\/p>\n<p style=\"text-align: justify;\"><em><strong>ah\/rsh<\/strong><\/em><\/p>\n","protected":false},"excerpt":{"rendered":"<p>Mosc\u00fa, 12 may (SANA) La portavoz del Ministerio de Exteriores de Rusia, Maria Zajarova, denunci\u00f3 que las autoridades polacas est\u00e1n actualmente a la vanguardia de los pa\u00edses hostiles y rus\u00f3fobos. &#8220;Las autoridades polacas han ido m\u00e1s all\u00e1 de todos los l\u00edmites de la raz\u00f3n y simplemente pisotearon la moralidad, que puede que ya no exista &hellip;<\/p>\n","protected":false},"author":30,"featured_media":233302,"comment_status":"closed","ping_status":"closed","sticky":false,"template":"","format":"standard","meta":{"footnotes":""},"categories":[597,456],"tags":[],"class_list":["post-233301","post","type-post","status-publish","format-standard","has-post-thumbnail","","category-cinta-de-noticias","category-arabe-internacional-politica"],"_links":{"self":[{"href":"https:\/\/archive.sana.sy\/es\/index.php?rest_route=\/wp\/v2\/posts\/233301"}],"collection":[{"href":"https:\/\/archive.sana.sy\/es\/index.php?rest_route=\/wp\/v2\/posts"}],"about":[{"href":"https:\/\/archive.sana.sy\/es\/index.php?rest_route=\/wp\/v2\/types\/post"}],"author":[{"embeddable":true,"href":"https:\/\/archive.sana.sy\/es\/index.php?rest_route=\/wp\/v2\/users\/30"}],"replies":[{"embeddable":true,"href":"https:\/\/archive.sana.sy\/es\/index.php?rest_route=%2Fwp%2Fv2%2Fcomments&post=233301"}],"version-history":[{"count":0,"href":"https:\/\/archive.sana.sy\/es\/index.php?rest_route=\/wp\/v2\/posts\/233301\/revisions"}],"wp:featuredmedia":[{"embeddable":true,"href":"https:\/\/archive.sana.sy\/es\/index.php?rest_route=\/wp\/v2\/media\/233302"}],"wp:attachment":[{"href":"https:\/\/archive.sana.sy\/es\/index.php?rest_route=%2Fwp%2Fv2%2Fmedia&parent=233301"}],"wp:term":[{"taxonomy":"category","embeddable":true,"href":"https:\/\/archive.sana.sy\/es\/index.php?rest_route=%2Fwp%2Fv2%2Fcategories&post=233301"},{"taxonomy":"post_tag","embeddable":true,"href":"https:\/\/archive.sana.sy\/es\/index.php?rest_route=%2Fwp%2Fv2%2Ftags&post=233301"}],"curies":[{"name":"wp","href":"https:\/\/api.w.org\/{rel}","templated":true}]}}