{"id":233319,"date":"2022-05-12T17:57:14","date_gmt":"2022-05-12T14:57:14","guid":{"rendered":"http:\/\/107.6.182.27\/es\/?p=233319"},"modified":"2023-01-10T16:18:53","modified_gmt":"2023-01-10T14:18:53","slug":"union-de-sindicatos-de-obreros-arabes-el-silencio-de-la-comunidad-internacional-anima-a-la-ocupacion-a-ensanarse-en-sus-crimenes","status":"publish","type":"post","link":"https:\/\/archive.sana.sy\/es\/?p=233319","title":{"rendered":"Uni\u00f3n de Sindicatos de Obreros \u00c1rabes: el silencio de la comunidad internacional anima a la ocupaci\u00f3n a ensa\u00f1arse en sus cr\u00edmenes"},"content":{"rendered":"<p style=\"text-align: justify;\"><strong>Damasco, 12 may (SANA) <\/strong>La Uni\u00f3n de Sindicatos de Obreros \u00c1rabes conden\u00f3 el asesinato de la reportera palestina Shirin Abu Aklah y pidi\u00f3 a la Organizaci\u00f3n de Naciones Unidas y al Consejo de Seguridad a movilizarse urgentemente y exigir cuentas a los autores de este crimen.<\/p>\n<p style=\"text-align: justify;\">Aclar\u00f3 que el silencio de la comunidad internacional anima a la ocupaci\u00f3n a ensa\u00f1arse en sus violaciones en los territorios palestinos ocupados donde son pisoteados todos los tratados internacionales, y llam\u00f3 a las entidades defensoras de los derechos de los periodistas a desplegar esfuerzos por proteger sus vidas.<\/p>\n<p style=\"text-align: justify;\">La entidad inst\u00f3 a los obreros del mundo y sus organizaciones sindicales a expresar su rechazo a ese crimen y cerrar filas frente a la ocupaci\u00f3n que debe ser desenmascarada ante la opini\u00f3n p\u00fablica mundial.<\/p>\n<p style=\"text-align: justify;\">Finalmente expres\u00f3 sus condolencias a la familia de la m\u00e1rtir y al pueblo palestino por la p\u00e9rdida de una voz que siempre expuso los cr\u00edmenes de la ocupaci\u00f3n.<\/p>\n<p style=\"text-align: justify;\"><em><strong>rsh\/ah<\/strong><\/em><\/p>\n","protected":false},"excerpt":{"rendered":"<p>Damasco, 12 may (SANA) La Uni\u00f3n de Sindicatos de Obreros \u00c1rabes conden\u00f3 el asesinato de la reportera palestina Shirin Abu Aklah y pidi\u00f3 a la Organizaci\u00f3n de Naciones Unidas y al Consejo de Seguridad a movilizarse urgentemente y exigir cuentas a los autores de este crimen. Aclar\u00f3 que el silencio de la comunidad internacional anima &hellip;<\/p>\n","protected":false},"author":30,"featured_media":233320,"comment_status":"closed","ping_status":"closed","sticky":false,"template":"","format":"standard","meta":{"footnotes":""},"categories":[597,456],"tags":[],"class_list":["post-233319","post","type-post","status-publish","format-standard","has-post-thumbnail","","category-cinta-de-noticias","category-arabe-internacional-politica"],"_links":{"self":[{"href":"https:\/\/archive.sana.sy\/es\/index.php?rest_route=\/wp\/v2\/posts\/233319"}],"collection":[{"href":"https:\/\/archive.sana.sy\/es\/index.php?rest_route=\/wp\/v2\/posts"}],"about":[{"href":"https:\/\/archive.sana.sy\/es\/index.php?rest_route=\/wp\/v2\/types\/post"}],"author":[{"embeddable":true,"href":"https:\/\/archive.sana.sy\/es\/index.php?rest_route=\/wp\/v2\/users\/30"}],"replies":[{"embeddable":true,"href":"https:\/\/archive.sana.sy\/es\/index.php?rest_route=%2Fwp%2Fv2%2Fcomments&post=233319"}],"version-history":[{"count":0,"href":"https:\/\/archive.sana.sy\/es\/index.php?rest_route=\/wp\/v2\/posts\/233319\/revisions"}],"wp:featuredmedia":[{"embeddable":true,"href":"https:\/\/archive.sana.sy\/es\/index.php?rest_route=\/wp\/v2\/media\/233320"}],"wp:attachment":[{"href":"https:\/\/archive.sana.sy\/es\/index.php?rest_route=%2Fwp%2Fv2%2Fmedia&parent=233319"}],"wp:term":[{"taxonomy":"category","embeddable":true,"href":"https:\/\/archive.sana.sy\/es\/index.php?rest_route=%2Fwp%2Fv2%2Fcategories&post=233319"},{"taxonomy":"post_tag","embeddable":true,"href":"https:\/\/archive.sana.sy\/es\/index.php?rest_route=%2Fwp%2Fv2%2Ftags&post=233319"}],"curies":[{"name":"wp","href":"https:\/\/api.w.org\/{rel}","templated":true}]}}