{"id":233365,"date":"2022-05-12T18:33:07","date_gmt":"2022-05-12T15:33:07","guid":{"rendered":"http:\/\/107.6.182.27\/es\/?p=233365"},"modified":"2023-01-10T16:18:53","modified_gmt":"2023-01-10T14:18:53","slug":"indicios-de-un-ataque-quimico-en-lugansk","status":"publish","type":"post","link":"https:\/\/archive.sana.sy\/es\/?p=233365","title":{"rendered":"Indicios de un ataque qu\u00edmico en Lugansk"},"content":{"rendered":"<p style=\"text-align: justify;\"><span style=\"color: #800000;\"><strong>Lugansk, 12 may (SANA)\u00a0<\/strong> <\/span>El representante de las fuerzas de la Rep\u00fablica de Lugansk, Andre Marochco, revel\u00f3 haber transmitido evidencias de un ataque qu\u00edmico ucraniano a la Comisi\u00f3n de Investigaci\u00f3n rusa.<\/p>\n<p style=\"text-align: justify;\">Sputnik cit\u00f3 a Marochco diciendo en una declaraci\u00f3n: &#8220;Hace 3 a\u00f1os registramos el lanzamiento de sustancias desconocidas desde aeroplanos sobre localidades en Lugansk&#8221;.<\/p>\n<p style=\"text-align: justify;\">Igur Kirylov de las Fuerzas Armadas rusas hab\u00eda anunciado la existencia de una red de 30 laboratorios biol\u00f3gicos en el territorio de Ucrania que trabajaban para el Pent\u00e1gono.<\/p>\n<p style=\"text-align: justify;\">rsh\/sm<\/p>\n","protected":false},"excerpt":{"rendered":"<p>Lugansk, 12 may (SANA)\u00a0 El representante de las fuerzas de la Rep\u00fablica de Lugansk, Andre Marochco, revel\u00f3 haber transmitido evidencias de un ataque qu\u00edmico ucraniano a la Comisi\u00f3n de Investigaci\u00f3n rusa. Sputnik cit\u00f3 a Marochco diciendo en una declaraci\u00f3n: &#8220;Hace 3 a\u00f1os registramos el lanzamiento de sustancias desconocidas desde aeroplanos sobre localidades en Lugansk&#8221;. Igur &hellip;<\/p>\n","protected":false},"author":39,"featured_media":233366,"comment_status":"closed","ping_status":"closed","sticky":false,"template":"","format":"standard","meta":{"footnotes":""},"categories":[447,597,456,7541],"tags":[],"class_list":["post-233365","post","type-post","status-publish","format-standard","has-post-thumbnail","","category-local-politica","category-cinta-de-noticias","category-arabe-internacional-politica","category-ultimas-noticias"],"_links":{"self":[{"href":"https:\/\/archive.sana.sy\/es\/index.php?rest_route=\/wp\/v2\/posts\/233365"}],"collection":[{"href":"https:\/\/archive.sana.sy\/es\/index.php?rest_route=\/wp\/v2\/posts"}],"about":[{"href":"https:\/\/archive.sana.sy\/es\/index.php?rest_route=\/wp\/v2\/types\/post"}],"author":[{"embeddable":true,"href":"https:\/\/archive.sana.sy\/es\/index.php?rest_route=\/wp\/v2\/users\/39"}],"replies":[{"embeddable":true,"href":"https:\/\/archive.sana.sy\/es\/index.php?rest_route=%2Fwp%2Fv2%2Fcomments&post=233365"}],"version-history":[{"count":0,"href":"https:\/\/archive.sana.sy\/es\/index.php?rest_route=\/wp\/v2\/posts\/233365\/revisions"}],"wp:featuredmedia":[{"embeddable":true,"href":"https:\/\/archive.sana.sy\/es\/index.php?rest_route=\/wp\/v2\/media\/233366"}],"wp:attachment":[{"href":"https:\/\/archive.sana.sy\/es\/index.php?rest_route=%2Fwp%2Fv2%2Fmedia&parent=233365"}],"wp:term":[{"taxonomy":"category","embeddable":true,"href":"https:\/\/archive.sana.sy\/es\/index.php?rest_route=%2Fwp%2Fv2%2Fcategories&post=233365"},{"taxonomy":"post_tag","embeddable":true,"href":"https:\/\/archive.sana.sy\/es\/index.php?rest_route=%2Fwp%2Fv2%2Ftags&post=233365"}],"curies":[{"name":"wp","href":"https:\/\/api.w.org\/{rel}","templated":true}]}}