{"id":233387,"date":"2022-05-13T07:47:57","date_gmt":"2022-05-13T04:47:57","guid":{"rendered":"http:\/\/107.6.182.27\/es\/?p=233387"},"modified":"2022-05-13T07:47:57","modified_gmt":"2022-05-13T04:47:57","slug":"siria-y-brasil-repasan-formas-para-fortalecer-relaciones-parlamentarias","status":"publish","type":"post","link":"https:\/\/archive.sana.sy\/es\/?p=233387","title":{"rendered":"Siria y Brasil repasan formas para fortalecer relaciones parlamentarias"},"content":{"rendered":"<p style=\"text-align: justify;\"><strong>Damasco, 13 may (SANA) <\/strong>Representantes de varias comisiones de la Asamblea del Pueblo (Parlamento) sostuvieron este jueves una reuni\u00f3n con el Embajador de la Rep\u00fablica Federal del Brasil, Fabio Vaz Petaluka.<\/p>\n<p style=\"text-align: justify;\">Las dos partes examinaron las v\u00edas de consolidar y desarrollar las relaciones parlamentarias en beneficio de los intereses de los dos pa\u00edses amigos.<\/p>\n<p style=\"text-align: justify;\">El Embajador brasile\u00f1o destac\u00f3 que la visita es parte del empe\u00f1o para promover el intercambio de experiencias y delegaciones entre ambas naciones, as\u00ed como debatir las formas de afianzar las relaciones y abordar los \u00faltimos acontecimientos en los \u00e1mbitos regional e internacional.<\/p>\n<p style=\"text-align: justify;\">El presidente de la Comisi\u00f3n de Asuntos Constitucionales y Legislativos del Parlamento, Ahmed Al-Kesbari, resalt\u00f3 la importancia de fortalecer las relaciones bilaterales entre los dos pa\u00edses amigos, y se\u00f1al\u00f3 que Siria busca relaciones positivas con todos los pa\u00edses.<\/p>\n<p style=\"text-align: justify;\">Mientras el jefe del Comit\u00e9 de Asuntos \u00c1rabes, Exteriores y Expatriados, Boutros Murjana, explic\u00f3 que EE.UU. y sus aliados est\u00e1n alimentando los conflictos al crear focos de tensi\u00f3n en el mundo e imponer sanciones ilegales a los pueblos y gobiernos de los pa\u00edses que se interponen sus pol\u00edticas.<\/p>\n<p style=\"text-align: justify;\">Asimismo, el presidente de la Comisi\u00f3n de Asuntos Econ\u00f3micos y Energ\u00e9ticos del Parlamento, Mohammed Raad, se referi\u00f3 a las pesadas cargas financieras para compensar la escasez de petr\u00f3leo y trigo sirios saqueados por parte de las fuerzas de ocupaci\u00f3n estadounidenses y turca.<\/p>\n<p style=\"text-align: justify;\">\u201cSiria realiza grandes esfuerzos para aliviar el sufrimiento de su pueblo y asegurar sus necesidades\u201d, concluy\u00f3.<\/p>\n<p style=\"text-align: justify;\"><em><strong>ah\/fm<\/strong><\/em><\/p>\n","protected":false},"excerpt":{"rendered":"<p>Damasco, 13 may (SANA) Representantes de varias comisiones de la Asamblea del Pueblo (Parlamento) sostuvieron este jueves una reuni\u00f3n con el Embajador de la Rep\u00fablica Federal del Brasil, Fabio Vaz Petaluka. Las dos partes examinaron las v\u00edas de consolidar y desarrollar las relaciones parlamentarias en beneficio de los intereses de los dos pa\u00edses amigos. El &hellip;<\/p>\n","protected":false},"author":30,"featured_media":233388,"comment_status":"closed","ping_status":"closed","sticky":false,"template":"","format":"standard","meta":{"footnotes":""},"categories":[597,467,7541],"tags":[],"class_list":["post-233387","post","type-post","status-publish","format-standard","has-post-thumbnail","","category-cinta-de-noticias","category-siria-y-el-mundo","category-ultimas-noticias"],"_links":{"self":[{"href":"https:\/\/archive.sana.sy\/es\/index.php?rest_route=\/wp\/v2\/posts\/233387"}],"collection":[{"href":"https:\/\/archive.sana.sy\/es\/index.php?rest_route=\/wp\/v2\/posts"}],"about":[{"href":"https:\/\/archive.sana.sy\/es\/index.php?rest_route=\/wp\/v2\/types\/post"}],"author":[{"embeddable":true,"href":"https:\/\/archive.sana.sy\/es\/index.php?rest_route=\/wp\/v2\/users\/30"}],"replies":[{"embeddable":true,"href":"https:\/\/archive.sana.sy\/es\/index.php?rest_route=%2Fwp%2Fv2%2Fcomments&post=233387"}],"version-history":[{"count":0,"href":"https:\/\/archive.sana.sy\/es\/index.php?rest_route=\/wp\/v2\/posts\/233387\/revisions"}],"wp:featuredmedia":[{"embeddable":true,"href":"https:\/\/archive.sana.sy\/es\/index.php?rest_route=\/wp\/v2\/media\/233388"}],"wp:attachment":[{"href":"https:\/\/archive.sana.sy\/es\/index.php?rest_route=%2Fwp%2Fv2%2Fmedia&parent=233387"}],"wp:term":[{"taxonomy":"category","embeddable":true,"href":"https:\/\/archive.sana.sy\/es\/index.php?rest_route=%2Fwp%2Fv2%2Fcategories&post=233387"},{"taxonomy":"post_tag","embeddable":true,"href":"https:\/\/archive.sana.sy\/es\/index.php?rest_route=%2Fwp%2Fv2%2Ftags&post=233387"}],"curies":[{"name":"wp","href":"https:\/\/api.w.org\/{rel}","templated":true}]}}