{"id":233390,"date":"2022-05-13T07:52:03","date_gmt":"2022-05-13T04:52:03","guid":{"rendered":"http:\/\/107.6.182.27\/es\/?p=233390"},"modified":"2023-01-10T16:18:52","modified_gmt":"2023-01-10T14:18:52","slug":"no-a-la-guerra-y-no-a-las-bases-de-la-muerte-protestas-en-grecia-contra-bases-de-eeuu","status":"publish","type":"post","link":"https:\/\/archive.sana.sy\/es\/?p=233390","title":{"rendered":"&#8220;No a la guerra&#8221; y &#8220;No a las bases de la muerte\u201d. protestas en Grecia contra bases de EEUU"},"content":{"rendered":"<p style=\"text-align: justify;\"><span style=\"color: #000000;\"><strong>Atenas, 13 may (SANA) <\/strong><\/span>Cientos de activistas contra la guerra protestaron hoy en la capital griega, Atenas, contra la presencia de bases militares estadounidenses en Grecia.<\/p>\n<p style=\"text-align: justify;\">Los medios locales informaron que la manifestaci\u00f3n organizada por el Partido Comunista Griego comenz\u00f3 desde el templo de la Acr\u00f3polis en Atenas, durante la cual los manifestantes llevaban pancartas que dec\u00edan &#8220;No a la guerra&#8221; y &#8220;No a las bases de la muerte&#8221;.<\/p>\n<p style=\"text-align: justify;\">Los manifestantes rechazaron el acuerdo de defensa conjunta entre Grecia y Estados Unidos, que se est\u00e1 votando en el parlamento.<\/p>\n<p style=\"text-align: justify;\">El secretario de Estado estadounidense, Anthony Blinken, firm\u00f3 un acuerdo con su hom\u00f3logo griego, Nikos Dindias en octubre pasado para modernizar el acuerdo de cooperaci\u00f3n de defensa conjunta entre ambos pa\u00edses.<\/p>\n<p style=\"text-align: justify;\"><em><strong>ah\/fm<\/strong><\/em><\/p>\n","protected":false},"excerpt":{"rendered":"<p>Atenas, 13 may (SANA) Cientos de activistas contra la guerra protestaron hoy en la capital griega, Atenas, contra la presencia de bases militares estadounidenses en Grecia. Los medios locales informaron que la manifestaci\u00f3n organizada por el Partido Comunista Griego comenz\u00f3 desde el templo de la Acr\u00f3polis en Atenas, durante la cual los manifestantes llevaban pancartas &hellip;<\/p>\n","protected":false},"author":30,"featured_media":233391,"comment_status":"closed","ping_status":"closed","sticky":false,"template":"","format":"standard","meta":{"footnotes":""},"categories":[456],"tags":[],"class_list":["post-233390","post","type-post","status-publish","format-standard","has-post-thumbnail","","category-arabe-internacional-politica"],"_links":{"self":[{"href":"https:\/\/archive.sana.sy\/es\/index.php?rest_route=\/wp\/v2\/posts\/233390"}],"collection":[{"href":"https:\/\/archive.sana.sy\/es\/index.php?rest_route=\/wp\/v2\/posts"}],"about":[{"href":"https:\/\/archive.sana.sy\/es\/index.php?rest_route=\/wp\/v2\/types\/post"}],"author":[{"embeddable":true,"href":"https:\/\/archive.sana.sy\/es\/index.php?rest_route=\/wp\/v2\/users\/30"}],"replies":[{"embeddable":true,"href":"https:\/\/archive.sana.sy\/es\/index.php?rest_route=%2Fwp%2Fv2%2Fcomments&post=233390"}],"version-history":[{"count":0,"href":"https:\/\/archive.sana.sy\/es\/index.php?rest_route=\/wp\/v2\/posts\/233390\/revisions"}],"wp:featuredmedia":[{"embeddable":true,"href":"https:\/\/archive.sana.sy\/es\/index.php?rest_route=\/wp\/v2\/media\/233391"}],"wp:attachment":[{"href":"https:\/\/archive.sana.sy\/es\/index.php?rest_route=%2Fwp%2Fv2%2Fmedia&parent=233390"}],"wp:term":[{"taxonomy":"category","embeddable":true,"href":"https:\/\/archive.sana.sy\/es\/index.php?rest_route=%2Fwp%2Fv2%2Fcategories&post=233390"},{"taxonomy":"post_tag","embeddable":true,"href":"https:\/\/archive.sana.sy\/es\/index.php?rest_route=%2Fwp%2Fv2%2Ftags&post=233390"}],"curies":[{"name":"wp","href":"https:\/\/api.w.org\/{rel}","templated":true}]}}