{"id":233393,"date":"2022-05-13T08:26:00","date_gmt":"2022-05-13T05:26:00","guid":{"rendered":"http:\/\/107.6.182.27\/es\/?p=233393"},"modified":"2023-01-10T15:12:57","modified_gmt":"2023-01-10T13:12:57","slug":"alemana-reconoce-que-no-puede-prescindirse-del-gas-ruso","status":"publish","type":"post","link":"https:\/\/archive.sana.sy\/es\/?p=233393","title":{"rendered":"Alemania reconoce que no puede prescindirse del gas ruso"},"content":{"rendered":"<p style=\"text-align: justify;\"><strong>Berlin, 13 may (SANA) <\/strong>El ministro de Econom\u00eda alem\u00e1n, Robert Hapik, ha reconocido que Alemania no puede imponer actualmente una prohibici\u00f3n al suministro del gas natural de Rusia.<\/p>\n<p style=\"text-align: justify;\">&#8220;Alemania no est\u00e1 lista para imponer un embargo petrolero a Rusia&#8221;, dijo Hapik, y agreg\u00f3 que &#8220;la econom\u00eda alemana no colapsar\u00e1, pero habr\u00e1 un aumento en los precios y una interrupci\u00f3n en las actividades comerciales&#8221;.<\/p>\n<p style=\"text-align: justify;\">Los economistas han advertido sobre las implicaciones del embargo de gas ruso en la econom\u00eda alemana, que conducir\u00e1 a una profunda recesi\u00f3n y colapso de la econom\u00eda alemana.<\/p>\n<p style=\"text-align: justify;\"><em><strong>ah\/fm<\/strong><\/em><\/p>\n","protected":false},"excerpt":{"rendered":"<p>Berlin, 13 may (SANA) El ministro de Econom\u00eda alem\u00e1n, Robert Hapik, ha reconocido que Alemania no puede imponer actualmente una prohibici\u00f3n al suministro del gas natural de Rusia. &#8220;Alemania no est\u00e1 lista para imponer un embargo petrolero a Rusia&#8221;, dijo Hapik, y agreg\u00f3 que &#8220;la econom\u00eda alemana no colapsar\u00e1, pero habr\u00e1 un aumento en los &hellip;<\/p>\n","protected":false},"author":30,"featured_media":233394,"comment_status":"closed","ping_status":"closed","sticky":false,"template":"","format":"standard","meta":{"footnotes":""},"categories":[597,16686,485],"tags":[],"class_list":["post-233393","post","type-post","status-publish","format-standard","has-post-thumbnail","","category-cinta-de-noticias","category-economia","category-informes-negocios-y-finanzas"],"_links":{"self":[{"href":"https:\/\/archive.sana.sy\/es\/index.php?rest_route=\/wp\/v2\/posts\/233393"}],"collection":[{"href":"https:\/\/archive.sana.sy\/es\/index.php?rest_route=\/wp\/v2\/posts"}],"about":[{"href":"https:\/\/archive.sana.sy\/es\/index.php?rest_route=\/wp\/v2\/types\/post"}],"author":[{"embeddable":true,"href":"https:\/\/archive.sana.sy\/es\/index.php?rest_route=\/wp\/v2\/users\/30"}],"replies":[{"embeddable":true,"href":"https:\/\/archive.sana.sy\/es\/index.php?rest_route=%2Fwp%2Fv2%2Fcomments&post=233393"}],"version-history":[{"count":0,"href":"https:\/\/archive.sana.sy\/es\/index.php?rest_route=\/wp\/v2\/posts\/233393\/revisions"}],"wp:featuredmedia":[{"embeddable":true,"href":"https:\/\/archive.sana.sy\/es\/index.php?rest_route=\/wp\/v2\/media\/233394"}],"wp:attachment":[{"href":"https:\/\/archive.sana.sy\/es\/index.php?rest_route=%2Fwp%2Fv2%2Fmedia&parent=233393"}],"wp:term":[{"taxonomy":"category","embeddable":true,"href":"https:\/\/archive.sana.sy\/es\/index.php?rest_route=%2Fwp%2Fv2%2Fcategories&post=233393"},{"taxonomy":"post_tag","embeddable":true,"href":"https:\/\/archive.sana.sy\/es\/index.php?rest_route=%2Fwp%2Fv2%2Ftags&post=233393"}],"curies":[{"name":"wp","href":"https:\/\/api.w.org\/{rel}","templated":true}]}}