{"id":233472,"date":"2022-05-13T18:25:36","date_gmt":"2022-05-13T15:25:36","guid":{"rendered":"http:\/\/107.6.182.27\/es\/?p=233472"},"modified":"2023-01-10T14:03:49","modified_gmt":"2023-01-10T12:03:49","slug":"inauguran-sexto-puesto-fronterizo-entre-siria-y-libano","status":"publish","type":"post","link":"https:\/\/archive.sana.sy\/es\/?p=233472","title":{"rendered":"Inauguran sexto puesto fronterizo entre Siria y L\u00edbano"},"content":{"rendered":"<p style=\"text-align: justify;\"><span style=\"color: #800000;\"><strong>Damasco, 13 may (SANA)\u00a0 <\/strong><\/span>La provincia central de Homs atestigu\u00f3 hoy la inauguraci\u00f3n de un nuevo centro fronterizo con el vecino L\u00edbano.<\/p>\n<p style=\"text-align: justify;\">El nuevo puesto fronterizo se encuentra en la localidad fronteriza de Matraba y fue inaugurado despu\u00e9s de completar los preparativos log\u00edsticos y equipar la infraestructura b\u00e1sica.<\/p>\n<p style=\"text-align: justify;\">La inauguraci\u00f3n se realiz\u00f3 en presencia de figuras oficiales y populares de Siria y el L\u00edbano.<\/p>\n<p style=\"text-align: justify;\">La apertura de dicho puesto se da en el marco de medidas encaminadas a mejorar de las relaciones econ\u00f3micas, comerciales y tur\u00edsticas entre los dos pa\u00edses.<\/p>\n<p style=\"text-align: justify;\">El nuevo puesto fronterizo brinda servicios a los viajeros entrantes y salientes, y es el cuarto centro en la de Homs y el sexto entre Siria y el L\u00edbano.<\/p>\n<p style=\"text-align: justify;\">sm\/fm<\/p>\n","protected":false},"excerpt":{"rendered":"<p>Damasco, 13 may (SANA)\u00a0 La provincia central de Homs atestigu\u00f3 hoy la inauguraci\u00f3n de un nuevo centro fronterizo con el vecino L\u00edbano. El nuevo puesto fronterizo se encuentra en la localidad fronteriza de Matraba y fue inaugurado despu\u00e9s de completar los preparativos log\u00edsticos y equipar la infraestructura b\u00e1sica. La inauguraci\u00f3n se realiz\u00f3 en presencia de &hellip;<\/p>\n","protected":false},"author":39,"featured_media":233473,"comment_status":"closed","ping_status":"closed","sticky":false,"template":"","format":"standard","meta":{"footnotes":""},"categories":[447,597,467,7541],"tags":[],"class_list":["post-233472","post","type-post","status-publish","format-standard","has-post-thumbnail","","category-local-politica","category-cinta-de-noticias","category-siria-y-el-mundo","category-ultimas-noticias"],"_links":{"self":[{"href":"https:\/\/archive.sana.sy\/es\/index.php?rest_route=\/wp\/v2\/posts\/233472"}],"collection":[{"href":"https:\/\/archive.sana.sy\/es\/index.php?rest_route=\/wp\/v2\/posts"}],"about":[{"href":"https:\/\/archive.sana.sy\/es\/index.php?rest_route=\/wp\/v2\/types\/post"}],"author":[{"embeddable":true,"href":"https:\/\/archive.sana.sy\/es\/index.php?rest_route=\/wp\/v2\/users\/39"}],"replies":[{"embeddable":true,"href":"https:\/\/archive.sana.sy\/es\/index.php?rest_route=%2Fwp%2Fv2%2Fcomments&post=233472"}],"version-history":[{"count":0,"href":"https:\/\/archive.sana.sy\/es\/index.php?rest_route=\/wp\/v2\/posts\/233472\/revisions"}],"wp:featuredmedia":[{"embeddable":true,"href":"https:\/\/archive.sana.sy\/es\/index.php?rest_route=\/wp\/v2\/media\/233473"}],"wp:attachment":[{"href":"https:\/\/archive.sana.sy\/es\/index.php?rest_route=%2Fwp%2Fv2%2Fmedia&parent=233472"}],"wp:term":[{"taxonomy":"category","embeddable":true,"href":"https:\/\/archive.sana.sy\/es\/index.php?rest_route=%2Fwp%2Fv2%2Fcategories&post=233472"},{"taxonomy":"post_tag","embeddable":true,"href":"https:\/\/archive.sana.sy\/es\/index.php?rest_route=%2Fwp%2Fv2%2Ftags&post=233472"}],"curies":[{"name":"wp","href":"https:\/\/api.w.org\/{rel}","templated":true}]}}