{"id":233501,"date":"2022-05-13T20:14:30","date_gmt":"2022-05-13T17:14:30","guid":{"rendered":"http:\/\/107.6.182.27\/es\/?p=233501"},"modified":"2023-01-10T16:18:49","modified_gmt":"2023-01-10T14:18:49","slug":"franceses-estiman-que-necesitan-casi-500-euros-mas-para-vivir","status":"publish","type":"post","link":"https:\/\/archive.sana.sy\/es\/?p=233501","title":{"rendered":"Franceses estiman que necesitan casi 500 euros m\u00e1s para vivir"},"content":{"rendered":"<blockquote>\n<p style=\"text-align: justify;\">Seg\u00fan el estudio, ocho de cada 10 franceses prev\u00e9n reducir sus gastos esenciales o no, y siete de cada 10 planean cambiar sus h\u00e1bitos de consumo.<\/p>\n<\/blockquote>\n<p style=\"text-align: justify;\"><span style=\"color: #800000;\"><strong>Par\u00eds, 13 may (SANA)<\/strong> <\/span>Un promedio de 490 euros por mes falta en los bolsillos de los franceses para compensar la p\u00e9rdida de poder adquisitivo en un contexto de creciente inflaci\u00f3n, revela un estudio citado por la agencia Prensa Latina.<\/p>\n<p style=\"text-align: justify;\">La investigaci\u00f3n de Cofidis y CSA Research sobre las estrategias financieras de los franceses refleja un aumento de 23 euros en las necesidades para completar el mes, al compararlas con las recogidas en septiembre del a\u00f1o pasado en una pesquisa similar.<\/p>\n<p style=\"text-align: justify;\">Como es de esperar, el impacto de la crisis econ\u00f3mica agravada por el conflicto en Ucrania es mucho mayor en los sectores m\u00e1s pobres de la poblaci\u00f3n.<\/p>\n<p style=\"text-align: justify;\">En ese sentido, el 78 por ciento de las familias monoparentales, el 76 por ciento de las personas de entre 25 y 34 a\u00f1os y el 72 por ciento de los obreros entrevistados reconoci\u00f3 las consecuencias del complejo escenario internacional en sus gastos y proyectos.<\/p>\n<p style=\"text-align: justify;\">Seg\u00fan el estudio, ocho de cada 10 franceses prev\u00e9n reducir sus gastos esenciales o no y siete de cada 10 planea cambiar sus h\u00e1bitos de consumo.<\/p>\n<p style=\"text-align: justify;\">La calefacci\u00f3n, los alimentos, el agua y la electricidad estar\u00edan entre los gastos de primera necesidad afectados por el necesario ajuste de los bolsillos, admitieron.<\/p>\n<p style=\"text-align: justify;\">fm\/sm<\/p>\n","protected":false},"excerpt":{"rendered":"<p>Seg\u00fan el estudio, ocho de cada 10 franceses prev\u00e9n reducir sus gastos esenciales o no, y siete de cada 10 planean cambiar sus h\u00e1bitos de consumo. Par\u00eds, 13 may (SANA) Un promedio de 490 euros por mes falta en los bolsillos de los franceses para compensar la p\u00e9rdida de poder adquisitivo en un contexto de &hellip;<\/p>\n","protected":false},"author":39,"featured_media":233502,"comment_status":"closed","ping_status":"closed","sticky":false,"template":"","format":"standard","meta":{"footnotes":""},"categories":[597,16686,485,456],"tags":[],"class_list":["post-233501","post","type-post","status-publish","format-standard","has-post-thumbnail","","category-cinta-de-noticias","category-economia","category-informes-negocios-y-finanzas","category-arabe-internacional-politica"],"_links":{"self":[{"href":"https:\/\/archive.sana.sy\/es\/index.php?rest_route=\/wp\/v2\/posts\/233501"}],"collection":[{"href":"https:\/\/archive.sana.sy\/es\/index.php?rest_route=\/wp\/v2\/posts"}],"about":[{"href":"https:\/\/archive.sana.sy\/es\/index.php?rest_route=\/wp\/v2\/types\/post"}],"author":[{"embeddable":true,"href":"https:\/\/archive.sana.sy\/es\/index.php?rest_route=\/wp\/v2\/users\/39"}],"replies":[{"embeddable":true,"href":"https:\/\/archive.sana.sy\/es\/index.php?rest_route=%2Fwp%2Fv2%2Fcomments&post=233501"}],"version-history":[{"count":0,"href":"https:\/\/archive.sana.sy\/es\/index.php?rest_route=\/wp\/v2\/posts\/233501\/revisions"}],"wp:featuredmedia":[{"embeddable":true,"href":"https:\/\/archive.sana.sy\/es\/index.php?rest_route=\/wp\/v2\/media\/233502"}],"wp:attachment":[{"href":"https:\/\/archive.sana.sy\/es\/index.php?rest_route=%2Fwp%2Fv2%2Fmedia&parent=233501"}],"wp:term":[{"taxonomy":"category","embeddable":true,"href":"https:\/\/archive.sana.sy\/es\/index.php?rest_route=%2Fwp%2Fv2%2Fcategories&post=233501"},{"taxonomy":"post_tag","embeddable":true,"href":"https:\/\/archive.sana.sy\/es\/index.php?rest_route=%2Fwp%2Fv2%2Ftags&post=233501"}],"curies":[{"name":"wp","href":"https:\/\/api.w.org\/{rel}","templated":true}]}}