{"id":23353,"date":"2015-05-15T22:55:59","date_gmt":"2015-05-15T19:55:59","guid":{"rendered":"http:\/\/sana.sy\/es\/?p=23353"},"modified":"2015-05-15T22:55:59","modified_gmt":"2015-05-15T19:55:59","slug":"el-ministro-del-interior-visita-el-pueblo-de-al-haffeh-de-la-provincia-costera-de-latakia","status":"publish","type":"post","link":"https:\/\/archive.sana.sy\/es\/?p=23353","title":{"rendered":"El ministro del Interior visita el pueblo de al-Haffeh de la provincia costera de Latakia"},"content":{"rendered":"<p><span style=\"color: #0000ff\">Latakia-SANA<\/span><\/p>\n<p style=\"text-align: justify\">El ministro del Interior el general Mohammad al-Shaar, elogi\u00f3 la firmeza del pueblo de al-Haffeh en la provincia de Latakia, frente a los grupos terroristas.<\/p>\n<p style=\"text-align: justify\">Durante su visita a la ciudad el viernes, al-Shaar destac\u00f3 que defender la identidad, la tierra, y la bandera de Siria es un deber nacional para todos los sirios, y que el prop\u00f3sito real de los enemigos de Siria es fragmentar la regi\u00f3n en peque\u00f1os cantones \u00e9tnicos y sectarios en constante pugna para lograr los intereses de Israel y justificar su presencia como estado jud\u00edo en la regi\u00f3n.<\/p>\n<p style=\"text-align: justify\">Por su parte, el gobernador de Latakia Ibrahim al-Khidr Salem dijo que los habitantes de al-Heffeh son un ejemplo de la composici\u00f3n de la sociedad siria.<\/p>\n<p style=\"text-align: justify\">A su vez, el pastor de la Iglesia de San Miguel, el padre Miguel Hanna Nassir, dijo que los planes de los enemigos de Siria pretenden erradicar su historia, econom\u00eda y civilizaci\u00f3n.<\/p>\n<p style=\"text-align: justify\">El evento cont\u00f3 con la presencia de un n\u00famero de figuras pol\u00edticas, religiosas y civiles de la provincia.<\/p>\n<p><span style=\"color: #800000\">M.Miri, Riad.Sh<\/span><\/p>\n","protected":false},"excerpt":{"rendered":"<p>Latakia-SANA El ministro del Interior el general Mohammad al-Shaar, elogi\u00f3 la firmeza del pueblo de al-Haffeh en la provincia de Latakia, frente a los grupos terroristas. Durante su visita a la ciudad el viernes, al-Shaar destac\u00f3 que defender la identidad, la tierra, y la bandera de Siria es un deber nacional para todos los sirios, &hellip;<\/p>\n","protected":false},"author":1,"featured_media":23354,"comment_status":"closed","ping_status":"closed","sticky":false,"template":"","format":"standard","meta":{"footnotes":""},"categories":[477,476],"tags":[5284],"class_list":["post-23353","post","type-post","status-publish","format-standard","has-post-thumbnail","","category-noticias-edulcorantes","category-locales","tag-el-ministro-del-interior-visita-el-pueblo-de-al-haffeh-de-la-provincia-costera-de-latakia"],"_links":{"self":[{"href":"https:\/\/archive.sana.sy\/es\/index.php?rest_route=\/wp\/v2\/posts\/23353"}],"collection":[{"href":"https:\/\/archive.sana.sy\/es\/index.php?rest_route=\/wp\/v2\/posts"}],"about":[{"href":"https:\/\/archive.sana.sy\/es\/index.php?rest_route=\/wp\/v2\/types\/post"}],"author":[{"embeddable":true,"href":"https:\/\/archive.sana.sy\/es\/index.php?rest_route=\/wp\/v2\/users\/1"}],"replies":[{"embeddable":true,"href":"https:\/\/archive.sana.sy\/es\/index.php?rest_route=%2Fwp%2Fv2%2Fcomments&post=23353"}],"version-history":[{"count":0,"href":"https:\/\/archive.sana.sy\/es\/index.php?rest_route=\/wp\/v2\/posts\/23353\/revisions"}],"wp:featuredmedia":[{"embeddable":true,"href":"https:\/\/archive.sana.sy\/es\/index.php?rest_route=\/wp\/v2\/media\/23354"}],"wp:attachment":[{"href":"https:\/\/archive.sana.sy\/es\/index.php?rest_route=%2Fwp%2Fv2%2Fmedia&parent=23353"}],"wp:term":[{"taxonomy":"category","embeddable":true,"href":"https:\/\/archive.sana.sy\/es\/index.php?rest_route=%2Fwp%2Fv2%2Fcategories&post=23353"},{"taxonomy":"post_tag","embeddable":true,"href":"https:\/\/archive.sana.sy\/es\/index.php?rest_route=%2Fwp%2Fv2%2Ftags&post=23353"}],"curies":[{"name":"wp","href":"https:\/\/api.w.org\/{rel}","templated":true}]}}