{"id":233551,"date":"2022-05-14T07:48:06","date_gmt":"2022-05-14T04:48:06","guid":{"rendered":"http:\/\/107.6.182.27\/es\/?p=233551"},"modified":"2023-01-10T16:18:49","modified_gmt":"2023-01-10T14:18:49","slug":"manifestaciones-en-mali-tras-el-descubrimiento-de-una-fosa-comun-cerca-de-una-antigua-base-francesa","status":"publish","type":"post","link":"https:\/\/archive.sana.sy\/es\/?p=233551","title":{"rendered":"Manifestaciones en Mal\u00ed tras el descubrimiento de una fosa com\u00fan cerca de una antigua base francesa"},"content":{"rendered":"<blockquote>\n<p style=\"text-align: justify;\">Los manifestantes corearon consignas y portaron pancartas anti-francesas, algunas de las cuales describ\u00edan al presidente franc\u00e9s Emmanuel Macron como un &#8220;carnicero&#8221; y lo responsabilizaban de &#8220;asesinar a miles de ni\u00f1os.&#8221;<\/p>\n<\/blockquote>\n<p style=\"text-align: justify;\"><span style=\"color: #800000;\"><strong>Bamco, 14 may (SANA)<\/strong> <\/span>Multitudes se manifestaron hoy en Bamako, la capital de Mal\u00ed, tras el descubrimiento de una fosa com\u00fan cerca de una antigua base militar francesa en la regi\u00f3n de Gossi.<\/p>\n<p style=\"text-align: justify;\">Los medios informaron que los manifestantes se congregaron frente al Monumento de la Independencia en el centro de Bamako, y corearon consignas y portaron pancartas anti-francesas, algunas de las cuales describ\u00edan al presidente franc\u00e9s Emmanuel Macron como un &#8220;carnicero&#8221; y lo responsabilizaban de &#8220;assinar a miles de ni\u00f1os.&#8221;<\/p>\n<p style=\"text-align: justify;\">El ej\u00e9rcito maliense anunci\u00f3 el 22 del mes pasado que hab\u00eda encontrado una fosa com\u00fan cerca de una base del ej\u00e9rcito franc\u00e9s en Gossi, en el norte del pa\u00eds, y las autoridades malienses tomaron posteriormente la decisi\u00f3n de investigar este caso.<\/p>\n<p style=\"text-align: justify;\">fm\/sm<\/p>\n","protected":false},"excerpt":{"rendered":"<p>Los manifestantes corearon consignas y portaron pancartas anti-francesas, algunas de las cuales describ\u00edan al presidente franc\u00e9s Emmanuel Macron como un &#8220;carnicero&#8221; y lo responsabilizaban de &#8220;asesinar a miles de ni\u00f1os.&#8221; Bamco, 14 may (SANA) Multitudes se manifestaron hoy en Bamako, la capital de Mal\u00ed, tras el descubrimiento de una fosa com\u00fan cerca de una antigua &hellip;<\/p>\n","protected":false},"author":39,"featured_media":233552,"comment_status":"closed","ping_status":"closed","sticky":false,"template":"","format":"standard","meta":{"footnotes":""},"categories":[597,456,457,7541],"tags":[],"class_list":["post-233551","post","type-post","status-publish","format-standard","has-post-thumbnail","","category-cinta-de-noticias","category-arabe-internacional-politica","category-noticias-arabe-internacional-politica","category-ultimas-noticias"],"_links":{"self":[{"href":"https:\/\/archive.sana.sy\/es\/index.php?rest_route=\/wp\/v2\/posts\/233551"}],"collection":[{"href":"https:\/\/archive.sana.sy\/es\/index.php?rest_route=\/wp\/v2\/posts"}],"about":[{"href":"https:\/\/archive.sana.sy\/es\/index.php?rest_route=\/wp\/v2\/types\/post"}],"author":[{"embeddable":true,"href":"https:\/\/archive.sana.sy\/es\/index.php?rest_route=\/wp\/v2\/users\/39"}],"replies":[{"embeddable":true,"href":"https:\/\/archive.sana.sy\/es\/index.php?rest_route=%2Fwp%2Fv2%2Fcomments&post=233551"}],"version-history":[{"count":0,"href":"https:\/\/archive.sana.sy\/es\/index.php?rest_route=\/wp\/v2\/posts\/233551\/revisions"}],"wp:featuredmedia":[{"embeddable":true,"href":"https:\/\/archive.sana.sy\/es\/index.php?rest_route=\/wp\/v2\/media\/233552"}],"wp:attachment":[{"href":"https:\/\/archive.sana.sy\/es\/index.php?rest_route=%2Fwp%2Fv2%2Fmedia&parent=233551"}],"wp:term":[{"taxonomy":"category","embeddable":true,"href":"https:\/\/archive.sana.sy\/es\/index.php?rest_route=%2Fwp%2Fv2%2Fcategories&post=233551"},{"taxonomy":"post_tag","embeddable":true,"href":"https:\/\/archive.sana.sy\/es\/index.php?rest_route=%2Fwp%2Fv2%2Ftags&post=233551"}],"curies":[{"name":"wp","href":"https:\/\/api.w.org\/{rel}","templated":true}]}}