{"id":233560,"date":"2022-05-14T08:29:34","date_gmt":"2022-05-14T05:29:34","guid":{"rendered":"http:\/\/107.6.182.27\/es\/?p=233560"},"modified":"2023-01-10T15:32:44","modified_gmt":"2023-01-10T13:32:44","slug":"titulares-de-la-agencia-sana-14-mayo-2022","status":"publish","type":"post","link":"https:\/\/archive.sana.sy\/es\/?p=233560","title":{"rendered":"Titulares de la agencia SANA, 14 mayo 2022"},"content":{"rendered":"<p style=\"text-align: justify;\"><span style=\"color: #800000;\"><strong>Damasco, 14 may (SANA)<\/strong><\/span><\/p>\n<p style=\"text-align: justify;\">\u2b55\ufe0fEl presidente al-Assad ofrece condolencias por el fallecimiento del presidente de los Emiratos \u00c1rabes Unidos<\/p>\n<p style=\"text-align: justify;\">\u2b55\ufe0fMueren 10 militares sirios por ataque terrorista con misil anti blindado en provincia de Alepo<\/p>\n<p style=\"text-align: justify;\">\u2b55\ufe0fCinco m\u00e1rtires y siete heridos por agresi\u00f3n a\u00e9rea israel\u00ed a\u00e9rea contra la Regi\u00f3n Central de Siria (+fotos)<\/p>\n<p style=\"text-align: justify;\">\u2b55\ufe0fSiria denuncia saqueo de su algod\u00f3n, petr\u00f3leo, trigo y antig\u00fcedades por parte de EEUU y sus aliados<\/p>\n<p style=\"text-align: justify;\">\u2b55\ufe0fManifestaciones en Mal\u00ed tras el descubrimiento de una fosa com\u00fan cerca de una antigua base francesa<\/p>\n<p style=\"text-align: justify;\">\u2b55\ufe0fPreocupaci\u00f3n china por nueva informaci\u00f3n sobre laboratorios biol\u00f3gicos estadounidenses en Ucrania<\/p>\n<p style=\"text-align: justify;\">\u2b55\ufe0fPobladores y militares sirios expulsan un convoy de EEUU en provincia siria de Hasakeh<\/p>\n<p style=\"text-align: justify;\">\u2b55\ufe0fComienza restauraci\u00f3n del Arco del Triunfo en Palmira (+fotos)<\/p>\n<p style=\"text-align: justify;\">\u2b55\ufe0fIr\u00e1n califica de estrat\u00e9gica a visita del presidente al-Assad a Teher\u00e1n<\/p>\n<p style=\"text-align: justify;\">\u2b55\ufe0fInauguran sexto puesto fronterizo entre Siria y L\u00edbano<\/p>\n<p style=\"text-align: justify;\">\u2b55\ufe0fDefensa rusa anuncia haber eliminado a m\u00e1s de 300 ultranacionalistas ucranianos<\/p>\n<p style=\"text-align: justify;\">\u2b55\ufe0fLavrov: La Uni\u00f3n Europea se convirti\u00f3 en una plataforma pol\u00edtico-militar hostil<\/p>\n<p style=\"text-align: justify;\">\u2b55\ufe0fConversaciones sirio-bielorrusas para impulsar relaciones bilaterales<\/p>\n<p style=\"text-align: justify;\">\u2b55\ufe0fPutin y Shultz conversan sobre situaci\u00f3n en Ucrania<\/p>\n<p style=\"text-align: justify;\">\u2b55\ufe0fConsejo de Seguridad Nacional de Rusia ruso aborda peligros de la incorporaci\u00f3n de Finlandia y Suecia a la OTAN<\/p>\n<p style=\"text-align: justify;\">\u2b55\ufe0fSiria y Brasil repasan formas para fortalecer relaciones parlamentarias<\/p>\n<p style=\"text-align: justify;\">\u2b55\ufe0fMueren cuatro personas en Donetsk por bombardeos de las fuerzas ucranianas<\/p>\n<p style=\"text-align: justify;\">\u2b55\ufe0fCuba decreta duelo oficial por explosi\u00f3n en hotel de La Habana<\/p>\n<p style=\"text-align: justify;\">\u2b55\ufe0fMayor\u00eda de los h\u00fangaros est\u00e1 en contra de prohibir los recursos energ\u00e9ticos rusos, confirma<br \/>\nencuesta<\/p>\n<p style=\"text-align: justify;\">\u2b55\ufe0fMuere ni\u00f1o sirio y otro resulta herido por bombardeos de terroristas proturcos en Alepo<\/p>\n<p style=\"text-align: justify;\">\u2b55\ufe0fTres palestinos resultan heridos por fuego del ocupante israel\u00ed<\/p>\n<p style=\"text-align: justify;\">\u2b55\ufe0fChina rechaza injerencia de Jap\u00f3n y la Uni\u00f3n Europea en sus asuntos internos<\/p>\n<p style=\"text-align: justify;\">\u2b55\ufe0fAlemania reconoce que no puede prescindirse del gas ruso<\/p>\n<p style=\"text-align: justify;\">\n","protected":false},"excerpt":{"rendered":"<p>Damasco, 14 may (SANA) \u2b55\ufe0fEl presidente al-Assad ofrece condolencias por el fallecimiento del presidente de los Emiratos \u00c1rabes Unidos \u2b55\ufe0fMueren 10 militares sirios por ataque terrorista con misil anti blindado en provincia de Alepo \u2b55\ufe0fCinco m\u00e1rtires y siete heridos por agresi\u00f3n a\u00e9rea israel\u00ed a\u00e9rea contra la Regi\u00f3n Central de Siria (+fotos) \u2b55\ufe0fSiria denuncia saqueo de &hellip;<\/p>\n","protected":false},"author":39,"featured_media":233561,"comment_status":"closed","ping_status":"closed","sticky":false,"template":"","format":"standard","meta":{"footnotes":""},"categories":[447,555,597,457,7541],"tags":[],"class_list":["post-233560","post","type-post","status-publish","format-standard","has-post-thumbnail","","category-local-politica","category-prensa","category-cinta-de-noticias","category-noticias-arabe-internacional-politica","category-ultimas-noticias"],"_links":{"self":[{"href":"https:\/\/archive.sana.sy\/es\/index.php?rest_route=\/wp\/v2\/posts\/233560"}],"collection":[{"href":"https:\/\/archive.sana.sy\/es\/index.php?rest_route=\/wp\/v2\/posts"}],"about":[{"href":"https:\/\/archive.sana.sy\/es\/index.php?rest_route=\/wp\/v2\/types\/post"}],"author":[{"embeddable":true,"href":"https:\/\/archive.sana.sy\/es\/index.php?rest_route=\/wp\/v2\/users\/39"}],"replies":[{"embeddable":true,"href":"https:\/\/archive.sana.sy\/es\/index.php?rest_route=%2Fwp%2Fv2%2Fcomments&post=233560"}],"version-history":[{"count":0,"href":"https:\/\/archive.sana.sy\/es\/index.php?rest_route=\/wp\/v2\/posts\/233560\/revisions"}],"wp:featuredmedia":[{"embeddable":true,"href":"https:\/\/archive.sana.sy\/es\/index.php?rest_route=\/wp\/v2\/media\/233561"}],"wp:attachment":[{"href":"https:\/\/archive.sana.sy\/es\/index.php?rest_route=%2Fwp%2Fv2%2Fmedia&parent=233560"}],"wp:term":[{"taxonomy":"category","embeddable":true,"href":"https:\/\/archive.sana.sy\/es\/index.php?rest_route=%2Fwp%2Fv2%2Fcategories&post=233560"},{"taxonomy":"post_tag","embeddable":true,"href":"https:\/\/archive.sana.sy\/es\/index.php?rest_route=%2Fwp%2Fv2%2Ftags&post=233560"}],"curies":[{"name":"wp","href":"https:\/\/api.w.org\/{rel}","templated":true}]}}