{"id":233564,"date":"2022-05-14T10:36:50","date_gmt":"2022-05-14T07:36:50","guid":{"rendered":"http:\/\/107.6.182.27\/es\/?p=233564"},"modified":"2023-01-10T16:18:48","modified_gmt":"2023-01-10T14:18:48","slug":"heridos-palestinos-por-disparos-israelies-contra-el-funeral-de-la-periodista-shirin-abu-aklah","status":"publish","type":"post","link":"https:\/\/archive.sana.sy\/es\/?p=233564","title":{"rendered":"Heridos palestinos por disparos israel\u00edes contra el funeral de la periodista Shirin Abu Aklah"},"content":{"rendered":"<p style=\"text-align: justify;\"><span style=\"color: #800000;\"><strong>Jerusal\u00e9n ocupada, 14 may (SANA)\u00a0 <\/strong><\/span>Decenas de palestinos resultaron heridos y otros 14 fueron arrestados como resultado del ataque de las fuerzas de ocupaci\u00f3n israel\u00edes contra el funeral de la periodista palestina Shirin Abu Aklah.<\/p>\n<p style=\"text-align: justify;\">La agencia Wafa anunci\u00f3 que las fuerzas de ocupaci\u00f3n golpearon a los participantes en el funeral con porras y les dispararon bombas de gas lacrim\u00f3geno, oblig\u00e1ndolos a volver a introducir el cad\u00e1ver de la periodista fallecida al hospital, lo que provoc\u00f3 la lesi\u00f3n de decenas y la asfixia de otros.<\/p>\n<p style=\"text-align: justify;\">La periodista, Abu Aklah, fue asesinada el mi\u00e9rcoles pasado por la ma\u00f1ana mientras cubr\u00eda la agresi\u00f3n israel\u00ed en el campamento de Jenin, donde las fuerzas de ocupaci\u00f3n le dispararon en la cabeza.<\/p>\n<p style=\"text-align: justify;\">sm<\/p>\n","protected":false},"excerpt":{"rendered":"<p>Jerusal\u00e9n ocupada, 14 may (SANA)\u00a0 Decenas de palestinos resultaron heridos y otros 14 fueron arrestados como resultado del ataque de las fuerzas de ocupaci\u00f3n israel\u00edes contra el funeral de la periodista palestina Shirin Abu Aklah. La agencia Wafa anunci\u00f3 que las fuerzas de ocupaci\u00f3n golpearon a los participantes en el funeral con porras y les &hellip;<\/p>\n","protected":false},"author":39,"featured_media":233565,"comment_status":"closed","ping_status":"closed","sticky":false,"template":"","format":"standard","meta":{"footnotes":""},"categories":[597,456],"tags":[],"class_list":["post-233564","post","type-post","status-publish","format-standard","has-post-thumbnail","","category-cinta-de-noticias","category-arabe-internacional-politica"],"_links":{"self":[{"href":"https:\/\/archive.sana.sy\/es\/index.php?rest_route=\/wp\/v2\/posts\/233564"}],"collection":[{"href":"https:\/\/archive.sana.sy\/es\/index.php?rest_route=\/wp\/v2\/posts"}],"about":[{"href":"https:\/\/archive.sana.sy\/es\/index.php?rest_route=\/wp\/v2\/types\/post"}],"author":[{"embeddable":true,"href":"https:\/\/archive.sana.sy\/es\/index.php?rest_route=\/wp\/v2\/users\/39"}],"replies":[{"embeddable":true,"href":"https:\/\/archive.sana.sy\/es\/index.php?rest_route=%2Fwp%2Fv2%2Fcomments&post=233564"}],"version-history":[{"count":0,"href":"https:\/\/archive.sana.sy\/es\/index.php?rest_route=\/wp\/v2\/posts\/233564\/revisions"}],"wp:featuredmedia":[{"embeddable":true,"href":"https:\/\/archive.sana.sy\/es\/index.php?rest_route=\/wp\/v2\/media\/233565"}],"wp:attachment":[{"href":"https:\/\/archive.sana.sy\/es\/index.php?rest_route=%2Fwp%2Fv2%2Fmedia&parent=233564"}],"wp:term":[{"taxonomy":"category","embeddable":true,"href":"https:\/\/archive.sana.sy\/es\/index.php?rest_route=%2Fwp%2Fv2%2Fcategories&post=233564"},{"taxonomy":"post_tag","embeddable":true,"href":"https:\/\/archive.sana.sy\/es\/index.php?rest_route=%2Fwp%2Fv2%2Ftags&post=233564"}],"curies":[{"name":"wp","href":"https:\/\/api.w.org\/{rel}","templated":true}]}}