{"id":233625,"date":"2022-05-14T14:58:17","date_gmt":"2022-05-14T11:58:17","guid":{"rendered":"http:\/\/107.6.182.27\/es\/?p=233625"},"modified":"2022-05-14T14:59:43","modified_gmt":"2022-05-14T11:59:43","slug":"el-presidente-al-assad-felicita-al-nuevo-presidente-de-emiratos-arabes-unidos","status":"publish","type":"post","link":"https:\/\/archive.sana.sy\/es\/?p=233625","title":{"rendered":"El presidente al-Assad felicita al nuevo presidente de Emiratos \u00c1rabes Unidos"},"content":{"rendered":"<blockquote>\n<p style=\"text-align: justify;\">Le felicito por ganarse la confianza del Consejo Supremo Federal y por su elecci\u00f3n un\u00e1nime como Presidente de los Emiratos \u00c1rabes Unidos, y le deseo siempre \u00e9xito para completar la marcha de la etapa de renacimiento que comenz\u00f3 el difunto Sheikh Zayed bin Sult\u00e1n Al Nahyan, manifest\u00f3 el presidente en su misiva.<\/p>\n<\/blockquote>\n<p style=\"text-align: justify;\"><span style=\"color: #800000;\"><strong>Damasco, 14 may (SANA)<\/strong> <\/span>El presidente Bashar al-Assad, envi\u00f3 un mensaje de felicitaci\u00f3n al nuevo presidente de los Emiratos \u00c1rabes Unidos, Mohamed bin Zayed Al Nahyan.<\/p>\n<p style=\"text-align: justify;\">Le felicito por ganarse la confianza del Consejo Supremo Federal y por su elecci\u00f3n un\u00e1nime como Presidente de los Emiratos \u00c1rabes Unidos, y le deseo siempre \u00e9xito para completar la marcha de la etapa de renacimiento que comenz\u00f3 el difunto Sheikh Zayed bin Sult\u00e1n Al Nahyan, manifest\u00f3 el presidente en su misiva.<\/p>\n<p style=\"text-align: justify;\">Durante los \u00faltimos a\u00f1os, usted ha desempe\u00f1ado un papel de liderazgo para llevar a los Emiratos \u00c1rabes Unidos a una posici\u00f3n pionera en la regi\u00f3n y el mundo en los campos del desarrollo econ\u00f3mico y cient\u00edfico, y ha podido aprovechar esta posici\u00f3n para construir puentes y fuertes relaciones estrat\u00e9gicas con los pa\u00edses del mundo para lograr los intereses de los Emiratos y la regi\u00f3n \u00e1rabe en general\u201d, agreg\u00f3 el mandatario.<\/p>\n<p style=\"text-align: justify;\">Esper\u00f3 continuar el trabajo conjunto para fortalecer las relaciones entre Siria y los Emiratos \u00c1rabes Unidos y fortalecer las asociaciones en todos los campos, sobre la base de los lazos y los intereses comunes que unen a los dos pueblos hermanos.<\/p>\n<p style=\"text-align: justify;\">fm\/sm<\/p>\n","protected":false},"excerpt":{"rendered":"<p>Le felicito por ganarse la confianza del Consejo Supremo Federal y por su elecci\u00f3n un\u00e1nime como Presidente de los Emiratos \u00c1rabes Unidos, y le deseo siempre \u00e9xito para completar la marcha de la etapa de renacimiento que comenz\u00f3 el difunto Sheikh Zayed bin Sult\u00e1n Al Nahyan, manifest\u00f3 el presidente en su misiva. Damasco, 14 may &hellip;<\/p>\n","protected":false},"author":39,"featured_media":233628,"comment_status":"closed","ping_status":"closed","sticky":false,"template":"","format":"standard","meta":{"footnotes":""},"categories":[597,16237,583,626],"tags":[],"class_list":["post-233625","post","type-post","status-publish","format-standard","has-post-thumbnail","","category-cinta-de-noticias","category-presidence-de-la-republique-arabe-syria","category-slide","category-sr-presidente"],"_links":{"self":[{"href":"https:\/\/archive.sana.sy\/es\/index.php?rest_route=\/wp\/v2\/posts\/233625"}],"collection":[{"href":"https:\/\/archive.sana.sy\/es\/index.php?rest_route=\/wp\/v2\/posts"}],"about":[{"href":"https:\/\/archive.sana.sy\/es\/index.php?rest_route=\/wp\/v2\/types\/post"}],"author":[{"embeddable":true,"href":"https:\/\/archive.sana.sy\/es\/index.php?rest_route=\/wp\/v2\/users\/39"}],"replies":[{"embeddable":true,"href":"https:\/\/archive.sana.sy\/es\/index.php?rest_route=%2Fwp%2Fv2%2Fcomments&post=233625"}],"version-history":[{"count":0,"href":"https:\/\/archive.sana.sy\/es\/index.php?rest_route=\/wp\/v2\/posts\/233625\/revisions"}],"wp:featuredmedia":[{"embeddable":true,"href":"https:\/\/archive.sana.sy\/es\/index.php?rest_route=\/wp\/v2\/media\/233628"}],"wp:attachment":[{"href":"https:\/\/archive.sana.sy\/es\/index.php?rest_route=%2Fwp%2Fv2%2Fmedia&parent=233625"}],"wp:term":[{"taxonomy":"category","embeddable":true,"href":"https:\/\/archive.sana.sy\/es\/index.php?rest_route=%2Fwp%2Fv2%2Fcategories&post=233625"},{"taxonomy":"post_tag","embeddable":true,"href":"https:\/\/archive.sana.sy\/es\/index.php?rest_route=%2Fwp%2Fv2%2Ftags&post=233625"}],"curies":[{"name":"wp","href":"https:\/\/api.w.org\/{rel}","templated":true}]}}