{"id":233657,"date":"2022-05-14T13:22:35","date_gmt":"2022-05-14T10:22:35","guid":{"rendered":"http:\/\/107.6.182.27\/es\/?p=233657"},"modified":"2022-05-14T21:41:30","modified_gmt":"2022-05-14T18:41:30","slug":"siria-pide-a-la-onu-que-condena-explicitamente-las-agresiones-israelies-contra-su-soberania","status":"publish","type":"post","link":"https:\/\/archive.sana.sy\/es\/?p=233657","title":{"rendered":"Siria pide a la ONU que condena expl\u00edcitamente las agresiones israel\u00edes contra su soberan\u00eda"},"content":{"rendered":"<blockquote>\n<p style=\"text-align: justify;\">La Rep\u00fablica \u00c1rabe Siria espera que la Secretar\u00eda General de las Naciones Unidas y el Consejo de Seguridad adopten una posici\u00f3n clara e inequ\u00edvoca respecto de los ataques israel\u00edes a la soberan\u00eda siria y lejos de consideraciones politizadas y c\u00e1lculos que contradigan la posici\u00f3n jur\u00eddica y pol\u00edtica bien establecida y clara de las Naciones Unidas y sus \u00f3rganos con respecto a la cuesti\u00f3n de la ocupaci\u00f3n israel\u00ed de los territorios \u00e1rabes.<\/p>\n<\/blockquote>\n<p style=\"text-align: justify;\"><span style=\"color: #800000;\"><strong>Damasco, 14 may (SANA)<\/strong><\/span>\u00a0 \u00a0Siria inst\u00f3 hoy al Consejo de Seguridad de la ONU y a las Naciones Unidas que condenen de manera clara y expl\u00edcita los ataques del ocupante israel\u00ed contra la soberan\u00eda siria y que adopten una postura inequ\u00edvoca y libre de cualquier consideraci\u00f3n politizada y c\u00e1lculos.<\/p>\n<p style=\"text-align: justify;\">Esta exigencia la hizo llegar el Ministerio de Relaciones Exteriores y Expatriados en una carta dirigida tanto al Secretario General de las Naciones Unidas como al Presidente del Consejo de Seguridad, y SANA recibi\u00f3 una copia de la misma.<\/p>\n<p style=\"text-align: justify;\">\u201cEl ej\u00e9rcito de ocupaci\u00f3n israel\u00ed perpetr\u00f3 a las 8:20 pm del viernes 13 de mayo de 2022, un ataque con r\u00e1fagas de misiles contra algunos puntos de la regi\u00f3n central, lo que provoc\u00f3 la ca\u00edda de cinco m\u00e1rtires, entre ellos un civil, mientras siete ciudadanos, entre ellos un ni\u00f1o, fueron lesionados. Adem\u00e1s de ocasionar cuantiosas p\u00e9rdidas materiales y varios incendios en los bosques del campo de Messiaf debido a la ca\u00edda de varios misiles hostiles en esas zonas\u201d, inform\u00f3 la Canciller\u00eda en su carta.<\/p>\n<p style=\"text-align: justify;\">Aclar\u00f3 que esta agresi\u00f3n se produjo horas despu\u00e9s de una anterior agresi\u00f3n cometida por terroristas en el norte de Siria cuando atacaron a unidades del Ej\u00e9rcito \u00c1rabe Sirio provocando la muerte de 10 soldados, lo que, seg\u00fan Canciller\u00eda, muestra coordinaci\u00f3n permanente entre \u201cIsrael\u201d y sus herramientas de terroristas y asesinos.<\/p>\n<p style=\"text-align: justify;\">\u201cSiria pide al secretario general de las Naciones Unidas y al Consejo de Seguridad que emitan una condena clara y expl\u00edcita a esta agresi\u00f3n conforme al mandato del Consejo de Seguridad de mantener la paz y la seguridad internacionales, e implementar las resoluciones de las Naciones Unidas relacionados con el fin de la ocupaci\u00f3n israel\u00ed de los territorios sirios ocupados\u201d asever\u00f3 el texto de la misiva.<\/p>\n<p style=\"text-align: justify;\">Inst\u00f3 la ONU a que exija al agresor israel\u00ed que acate las resoluciones pertinentes del Consejo de Seguridad y las disposiciones del Acuerdo de Separaci\u00f3n de Fuerzas firmado en Ginebra el 31 de mayo de 1974, y que deje de inmediato e incondicionalmente de amenazar la paz regional e internacional.<\/p>\n<p style=\"text-align: justify;\">La Rep\u00fablica \u00c1rabe Siria espera que la Secretar\u00eda General de las Naciones Unidas y el Consejo de Seguridad adopten una posici\u00f3n clara e inequ\u00edvoca respecto de los ataques israel\u00edes a la soberan\u00eda siria y lejos de consideraciones politizadas y c\u00e1lculos que contradigan la posici\u00f3n jur\u00eddica y pol\u00edtica bien establecida y clara de las Naciones Unidas y sus \u00f3rganos con respecto a la cuesti\u00f3n de la ocupaci\u00f3n israel\u00ed de los territorios \u00e1rabes.<\/p>\n<p>fm\/rr<\/p>\n","protected":false},"excerpt":{"rendered":"<p>La Rep\u00fablica \u00c1rabe Siria espera que la Secretar\u00eda General de las Naciones Unidas y el Consejo de Seguridad adopten una posici\u00f3n clara e inequ\u00edvoca respecto de los ataques israel\u00edes a la soberan\u00eda siria y lejos de consideraciones politizadas y c\u00e1lculos que contradigan la posici\u00f3n jur\u00eddica y pol\u00edtica bien establecida y clara de las Naciones Unidas &hellip;<\/p>\n","protected":false},"author":31,"featured_media":233661,"comment_status":"closed","ping_status":"closed","sticky":false,"template":"","format":"standard","meta":{"footnotes":""},"categories":[597,476,583],"tags":[],"class_list":["post-233657","post","type-post","status-publish","format-standard","has-post-thumbnail","","category-cinta-de-noticias","category-locales","category-slide"],"_links":{"self":[{"href":"https:\/\/archive.sana.sy\/es\/index.php?rest_route=\/wp\/v2\/posts\/233657"}],"collection":[{"href":"https:\/\/archive.sana.sy\/es\/index.php?rest_route=\/wp\/v2\/posts"}],"about":[{"href":"https:\/\/archive.sana.sy\/es\/index.php?rest_route=\/wp\/v2\/types\/post"}],"author":[{"embeddable":true,"href":"https:\/\/archive.sana.sy\/es\/index.php?rest_route=\/wp\/v2\/users\/31"}],"replies":[{"embeddable":true,"href":"https:\/\/archive.sana.sy\/es\/index.php?rest_route=%2Fwp%2Fv2%2Fcomments&post=233657"}],"version-history":[{"count":0,"href":"https:\/\/archive.sana.sy\/es\/index.php?rest_route=\/wp\/v2\/posts\/233657\/revisions"}],"wp:featuredmedia":[{"embeddable":true,"href":"https:\/\/archive.sana.sy\/es\/index.php?rest_route=\/wp\/v2\/media\/233661"}],"wp:attachment":[{"href":"https:\/\/archive.sana.sy\/es\/index.php?rest_route=%2Fwp%2Fv2%2Fmedia&parent=233657"}],"wp:term":[{"taxonomy":"category","embeddable":true,"href":"https:\/\/archive.sana.sy\/es\/index.php?rest_route=%2Fwp%2Fv2%2Fcategories&post=233657"},{"taxonomy":"post_tag","embeddable":true,"href":"https:\/\/archive.sana.sy\/es\/index.php?rest_route=%2Fwp%2Fv2%2Ftags&post=233657"}],"curies":[{"name":"wp","href":"https:\/\/api.w.org\/{rel}","templated":true}]}}