{"id":23367,"date":"2015-05-16T12:59:00","date_gmt":"2015-05-16T09:59:00","guid":{"rendered":"http:\/\/www.sana.sy\/es\/?p=23367"},"modified":"2015-05-16T12:59:00","modified_gmt":"2015-05-16T09:59:00","slug":"ejercito-libanes-arresta-a-uno-de-los-cabecillas-del-ei","status":"publish","type":"post","link":"https:\/\/archive.sana.sy\/es\/?p=23367","title":{"rendered":"Ej\u00e9rcito liban\u00e9s arresta a uno de los cabecillas del EI"},"content":{"rendered":"<p><span style=\"color: #800000\">Beirut, SANA<\/span><\/p>\n<p>El ej\u00e9rcito liban\u00e9s arrest\u00f3 en la madrugada de este s\u00e1bado a uno de los cabecillas de la organizaci\u00f3n terrorista del Estado Isl\u00e1mico.<\/p>\n<p>El terrorista fue arrestado en el poblado de Labbua en el Bekaa, y el mismo hab\u00eda huido de la zona de Arsal.<\/p>\n<p>El ej\u00e9rcito liban\u00e9s detuvo el viernes a cuatro terroristas sirios en la zona de Shebaa, los cuales transfer\u00edan dinero a los terroristas en Siria.<br \/>\nFady M., Lynn A.<\/p>\n","protected":false},"excerpt":{"rendered":"<p>Beirut, SANA El ej\u00e9rcito liban\u00e9s arrest\u00f3 en la madrugada de este s\u00e1bado a uno de los cabecillas de la organizaci\u00f3n terrorista del Estado Isl\u00e1mico. El terrorista fue arrestado en el poblado de Labbua en el Bekaa, y el mismo hab\u00eda huido de la zona de Arsal. El ej\u00e9rcito liban\u00e9s detuvo el viernes a cuatro terroristas &hellip;<\/p>\n","protected":false},"author":24,"featured_media":23368,"comment_status":"closed","ping_status":"closed","sticky":false,"template":"","format":"standard","meta":{"footnotes":""},"categories":[456,457],"tags":[5289],"class_list":["post-23367","post","type-post","status-publish","format-standard","has-post-thumbnail","","category-arabe-internacional-politica","category-noticias-arabe-internacional-politica","tag-ejercito-libanes-arresta-a-uno-de-los-cabecillas-del-ei"],"_links":{"self":[{"href":"https:\/\/archive.sana.sy\/es\/index.php?rest_route=\/wp\/v2\/posts\/23367"}],"collection":[{"href":"https:\/\/archive.sana.sy\/es\/index.php?rest_route=\/wp\/v2\/posts"}],"about":[{"href":"https:\/\/archive.sana.sy\/es\/index.php?rest_route=\/wp\/v2\/types\/post"}],"author":[{"embeddable":true,"href":"https:\/\/archive.sana.sy\/es\/index.php?rest_route=\/wp\/v2\/users\/24"}],"replies":[{"embeddable":true,"href":"https:\/\/archive.sana.sy\/es\/index.php?rest_route=%2Fwp%2Fv2%2Fcomments&post=23367"}],"version-history":[{"count":0,"href":"https:\/\/archive.sana.sy\/es\/index.php?rest_route=\/wp\/v2\/posts\/23367\/revisions"}],"wp:featuredmedia":[{"embeddable":true,"href":"https:\/\/archive.sana.sy\/es\/index.php?rest_route=\/wp\/v2\/media\/23368"}],"wp:attachment":[{"href":"https:\/\/archive.sana.sy\/es\/index.php?rest_route=%2Fwp%2Fv2%2Fmedia&parent=23367"}],"wp:term":[{"taxonomy":"category","embeddable":true,"href":"https:\/\/archive.sana.sy\/es\/index.php?rest_route=%2Fwp%2Fv2%2Fcategories&post=23367"},{"taxonomy":"post_tag","embeddable":true,"href":"https:\/\/archive.sana.sy\/es\/index.php?rest_route=%2Fwp%2Fv2%2Ftags&post=23367"}],"curies":[{"name":"wp","href":"https:\/\/api.w.org\/{rel}","templated":true}]}}