{"id":233712,"date":"2022-05-15T07:42:34","date_gmt":"2022-05-15T04:42:34","guid":{"rendered":"http:\/\/107.6.182.27\/es\/?p=233712"},"modified":"2023-01-10T15:32:44","modified_gmt":"2023-01-10T13:32:44","slug":"titulares-de-la-agencia-sana-15-mayo-2022","status":"publish","type":"post","link":"https:\/\/archive.sana.sy\/es\/?p=233712","title":{"rendered":"Titulares de la agencia SANA, 15 mayo 2022"},"content":{"rendered":"<p style=\"text-align: justify;\"><strong><span style=\"color: #800000;\">Damasco, 15 may (SANA)<\/span><\/strong><\/p>\n<p style=\"text-align: justify;\">????????El presidente al-Assad felicita al nuevo presidente de Emiratos \u00c1rabes Unidos.<\/p>\n<p style=\"text-align: justify;\">????????Siria pide a la ONU que condena expl\u00edcitamente las agresiones israel\u00edes contra su soberan\u00eda.<\/p>\n<p style=\"text-align: justify;\">????????El presidente al-Assad participa en los di\u00e1logos de la Conferencia del Fondo de Solidaridad Social y Fomento<\/p>\n<p style=\"text-align: justify;\">????????Primer Ministro de Siria ofrece condolencias en la Embajada de EAU por el fallecimiento del jeque Khalifa bin Zayed.<\/p>\n<p>????????Presidente al-Assad ofrece condolencias por el fallecimiento del jeque Khalifa bin Zayed Al Nahyan.<\/p>\n<p style=\"text-align: justify;\">????????Embajada de Palestina en Damasco conmemora el D\u00eda de Nakba.<\/p>\n<p style=\"text-align: justify;\">????????Nuevo lote de petr\u00f3leo sirio saqueado y sacado hacia Iraq por las fuerzas estadounidenses.<\/p>\n<p style=\"text-align: justify;\">????????Arranca en Damasco Primera Conferencia de Solidaridad Social y Fomento.<\/p>\n<p style=\"text-align: justify;\">????????Gobierno decide aumentar el precio del trigo comprado a los agricultores.<\/p>\n<p style=\"text-align: justify;\">????????Comienzan obas de reconstrucci\u00f3n del Arco del Triunfo de Palmira que fue dinamitado por los terroristas de Daesh en 2015.<\/p>\n<p style=\"text-align: justify;\">????????Heridos palestinos por disparos israel\u00edes contra el funeral de la periodista Shirin Abu Aklah.<\/p>\n<p style=\"text-align: justify;\">ed\/fm<\/p>\n","protected":false},"excerpt":{"rendered":"<p>Damasco, 15 may (SANA) ????????El presidente al-Assad felicita al nuevo presidente de Emiratos \u00c1rabes Unidos. ????????Siria pide a la ONU que condena expl\u00edcitamente las agresiones israel\u00edes contra su soberan\u00eda. ????????El presidente al-Assad participa en los di\u00e1logos de la Conferencia del Fondo de Solidaridad Social y Fomento ????????Primer Ministro de Siria ofrece condolencias en la Embajada &hellip;<\/p>\n","protected":false},"author":32,"featured_media":233713,"comment_status":"closed","ping_status":"closed","sticky":false,"template":"","format":"standard","meta":{"footnotes":""},"categories":[447,555,597,7541],"tags":[],"class_list":["post-233712","post","type-post","status-publish","format-standard","has-post-thumbnail","","category-local-politica","category-prensa","category-cinta-de-noticias","category-ultimas-noticias"],"_links":{"self":[{"href":"https:\/\/archive.sana.sy\/es\/index.php?rest_route=\/wp\/v2\/posts\/233712"}],"collection":[{"href":"https:\/\/archive.sana.sy\/es\/index.php?rest_route=\/wp\/v2\/posts"}],"about":[{"href":"https:\/\/archive.sana.sy\/es\/index.php?rest_route=\/wp\/v2\/types\/post"}],"author":[{"embeddable":true,"href":"https:\/\/archive.sana.sy\/es\/index.php?rest_route=\/wp\/v2\/users\/32"}],"replies":[{"embeddable":true,"href":"https:\/\/archive.sana.sy\/es\/index.php?rest_route=%2Fwp%2Fv2%2Fcomments&post=233712"}],"version-history":[{"count":0,"href":"https:\/\/archive.sana.sy\/es\/index.php?rest_route=\/wp\/v2\/posts\/233712\/revisions"}],"wp:featuredmedia":[{"embeddable":true,"href":"https:\/\/archive.sana.sy\/es\/index.php?rest_route=\/wp\/v2\/media\/233713"}],"wp:attachment":[{"href":"https:\/\/archive.sana.sy\/es\/index.php?rest_route=%2Fwp%2Fv2%2Fmedia&parent=233712"}],"wp:term":[{"taxonomy":"category","embeddable":true,"href":"https:\/\/archive.sana.sy\/es\/index.php?rest_route=%2Fwp%2Fv2%2Fcategories&post=233712"},{"taxonomy":"post_tag","embeddable":true,"href":"https:\/\/archive.sana.sy\/es\/index.php?rest_route=%2Fwp%2Fv2%2Ftags&post=233712"}],"curies":[{"name":"wp","href":"https:\/\/api.w.org\/{rel}","templated":true}]}}