{"id":233716,"date":"2022-05-15T10:08:31","date_gmt":"2022-05-15T07:08:31","guid":{"rendered":"http:\/\/107.6.182.27\/es\/?p=233716"},"modified":"2022-05-15T10:08:31","modified_gmt":"2022-05-15T07:08:31","slug":"palestinos-heridos-por-asalto-de-colonos-israelies-contra-una-aldea-en-cisjordania","status":"publish","type":"post","link":"https:\/\/archive.sana.sy\/es\/?p=233716","title":{"rendered":"Palestinos heridos por asalto de colonos israel\u00edes contra una aldea en Cisjordania"},"content":{"rendered":"<p style=\"text-align: justify;\"><strong><span style=\"color: #800000;\">Jerusal\u00e9n ocupada, 15 may (SANA )<\/span><\/strong>\u00a0 Varios palestinos resultaron heridos cuando los colonos israel\u00edes asaltaron la aldea de Haris, al oeste de Salfit, en Cisjordania.<\/p>\n<p style=\"text-align: justify;\">Bajo protecci\u00f3n de las fuerzas de ocupaci\u00f3n, decenas de colonos asaltaron la aldea donde dispararon bombas de gas lacrim\u00f3geno contra los palestinos, lo cual provoc\u00f3 la asfixia de decenas, difundi\u00f3 la agencia palestina WAFA.<\/p>\n<p style=\"text-align: justify;\">En la v\u00edspera, los soldados sionistas irrumpieron en Turmusaya y Ramallah, donde agredieron las propiedades palestinas.<\/p>\n<p style=\"text-align: justify;\">ed\/fm<\/p>\n","protected":false},"excerpt":{"rendered":"<p>Jerusal\u00e9n ocupada, 15 may (SANA )\u00a0 Varios palestinos resultaron heridos cuando los colonos israel\u00edes asaltaron la aldea de Haris, al oeste de Salfit, en Cisjordania. Bajo protecci\u00f3n de las fuerzas de ocupaci\u00f3n, decenas de colonos asaltaron la aldea donde dispararon bombas de gas lacrim\u00f3geno contra los palestinos, lo cual provoc\u00f3 la asfixia de decenas, difundi\u00f3 &hellip;<\/p>\n","protected":false},"author":32,"featured_media":233717,"comment_status":"closed","ping_status":"closed","sticky":false,"template":"","format":"standard","meta":{"footnotes":""},"categories":[597,456,7541],"tags":[],"class_list":["post-233716","post","type-post","status-publish","format-standard","has-post-thumbnail","","category-cinta-de-noticias","category-arabe-internacional-politica","category-ultimas-noticias"],"_links":{"self":[{"href":"https:\/\/archive.sana.sy\/es\/index.php?rest_route=\/wp\/v2\/posts\/233716"}],"collection":[{"href":"https:\/\/archive.sana.sy\/es\/index.php?rest_route=\/wp\/v2\/posts"}],"about":[{"href":"https:\/\/archive.sana.sy\/es\/index.php?rest_route=\/wp\/v2\/types\/post"}],"author":[{"embeddable":true,"href":"https:\/\/archive.sana.sy\/es\/index.php?rest_route=\/wp\/v2\/users\/32"}],"replies":[{"embeddable":true,"href":"https:\/\/archive.sana.sy\/es\/index.php?rest_route=%2Fwp%2Fv2%2Fcomments&post=233716"}],"version-history":[{"count":0,"href":"https:\/\/archive.sana.sy\/es\/index.php?rest_route=\/wp\/v2\/posts\/233716\/revisions"}],"wp:featuredmedia":[{"embeddable":true,"href":"https:\/\/archive.sana.sy\/es\/index.php?rest_route=\/wp\/v2\/media\/233717"}],"wp:attachment":[{"href":"https:\/\/archive.sana.sy\/es\/index.php?rest_route=%2Fwp%2Fv2%2Fmedia&parent=233716"}],"wp:term":[{"taxonomy":"category","embeddable":true,"href":"https:\/\/archive.sana.sy\/es\/index.php?rest_route=%2Fwp%2Fv2%2Fcategories&post=233716"},{"taxonomy":"post_tag","embeddable":true,"href":"https:\/\/archive.sana.sy\/es\/index.php?rest_route=%2Fwp%2Fv2%2Ftags&post=233716"}],"curies":[{"name":"wp","href":"https:\/\/api.w.org\/{rel}","templated":true}]}}