{"id":233728,"date":"2022-05-15T11:34:01","date_gmt":"2022-05-15T08:34:01","guid":{"rendered":"http:\/\/107.6.182.27\/es\/?p=233728"},"modified":"2022-05-15T11:34:01","modified_gmt":"2022-05-15T08:34:01","slug":"defensa-rusa-anuncia-la-eliminacion-de-mas-de-150-ultranacionalistas-en-ucrania-durante-la-ultima-noche-mientras-la-fuerza-aerea-de-rusia-bombardeo-seis-puestos-de-mando-y-11-posiciones-de-las-fuerz","status":"publish","type":"post","link":"https:\/\/archive.sana.sy\/es\/?p=233728","title":{"rendered":"Defensa rusa anuncia la eliminaci\u00f3n de m\u00e1s de 150 ultranacionalistas en Ucrania durante la \u00faltima noche, mientras la Fuerza A\u00e9rea de Rusia bombarde\u00f3 seis puestos de mando y 11  posiciones de las Fuerzas Armadas de Ucrania"},"content":{"rendered":"","protected":false},"excerpt":{"rendered":"","protected":false},"author":32,"featured_media":0,"comment_status":"closed","ping_status":"closed","sticky":false,"template":"","format":"standard","meta":{"footnotes":""},"categories":[596],"tags":[],"class_list":["post-233728","post","type-post","status-publish","format-standard","","category-urgente"],"_links":{"self":[{"href":"https:\/\/archive.sana.sy\/es\/index.php?rest_route=\/wp\/v2\/posts\/233728"}],"collection":[{"href":"https:\/\/archive.sana.sy\/es\/index.php?rest_route=\/wp\/v2\/posts"}],"about":[{"href":"https:\/\/archive.sana.sy\/es\/index.php?rest_route=\/wp\/v2\/types\/post"}],"author":[{"embeddable":true,"href":"https:\/\/archive.sana.sy\/es\/index.php?rest_route=\/wp\/v2\/users\/32"}],"replies":[{"embeddable":true,"href":"https:\/\/archive.sana.sy\/es\/index.php?rest_route=%2Fwp%2Fv2%2Fcomments&post=233728"}],"version-history":[{"count":0,"href":"https:\/\/archive.sana.sy\/es\/index.php?rest_route=\/wp\/v2\/posts\/233728\/revisions"}],"wp:attachment":[{"href":"https:\/\/archive.sana.sy\/es\/index.php?rest_route=%2Fwp%2Fv2%2Fmedia&parent=233728"}],"wp:term":[{"taxonomy":"category","embeddable":true,"href":"https:\/\/archive.sana.sy\/es\/index.php?rest_route=%2Fwp%2Fv2%2Fcategories&post=233728"},{"taxonomy":"post_tag","embeddable":true,"href":"https:\/\/archive.sana.sy\/es\/index.php?rest_route=%2Fwp%2Fv2%2Ftags&post=233728"}],"curies":[{"name":"wp","href":"https:\/\/api.w.org\/{rel}","templated":true}]}}