{"id":233867,"date":"2022-05-16T13:43:48","date_gmt":"2022-05-16T10:43:48","guid":{"rendered":"http:\/\/107.6.182.27\/es\/?p=233867"},"modified":"2022-05-16T13:47:32","modified_gmt":"2022-05-16T10:47:32","slug":"el-presidente-al-assad-considera-que-cualquier-exito-para-la-causa-palestina-lo-es-tambien-para-siria","status":"publish","type":"post","link":"https:\/\/archive.sana.sy\/es\/?p=233867","title":{"rendered":"El presidente al-Assad considera que cualquier \u00e9xito para la causa palestina lo es tambi\u00e9n para Siria"},"content":{"rendered":"<blockquote>\n<p style=\"text-align: justify;\"><strong>\u00a0Nuestra defensa por Siria en los pa\u00edses donde residimos es tambi\u00e9n una defensa por Palestina, y la guerra que enfrenta el pueblo sirio desenmascar\u00f3 a muchos en Occidente que alegan defender las libertades y los derechos humanos, manifestaron los miembros de la delegaci\u00f3n.<\/strong><\/p>\n<\/blockquote>\n<p style=\"text-align: justify;\"><strong><span style=\"color: #800000;\">Damasco, 16 may (SANA)<\/span><\/strong> El presidente Bashar al-Assad, recibi\u00f3 hoy a los miembros de la Secretar\u00eda General de la Uni\u00f3n de Comunidades y Entidades Palestinas en la Di\u00e1spora &#8211; Europa, que celebr\u00f3 su quinta conferencia general en Damasco.<\/p>\n<p style=\"text-align: justify;\">El presidente consider\u00f3 que &#8220;la relaci\u00f3n de Siria con la causa palestina es s\u00f3lida no solo desde el punto de vista geogr\u00e1fico o ideol\u00f3gico sino tambi\u00e9n en t\u00e9rminos de intereses&#8221;.<\/p>\n<p style=\"text-align: justify;\">Consider\u00f3 que cualquier \u00e9xito para la causa palestina lo es tambi\u00e9n para Siria.<\/p>\n<p style=\"text-align: justify;\">Al-Assad afirm\u00f3 que la causa palestina est\u00e1 presente hoy en d\u00eda con fuerza en la escena internacional gracias a los esfuerzos de sus hijos leales que est\u00e1n en la di\u00e1spora.<\/p>\n<p style=\"text-align: justify;\">El punto esencial en la labor de las comunidades y entidades palestinas en el exterior debe centrarse en la conservaci\u00f3n de la identidad y la memoria a trav\u00e9s de las generaciones futuras, adem\u00e1s de trabajar para refutar las mentiras que intentan retratar la pueblo palestino como terrorista, explic\u00f3 el mandatario.<\/p>\n<p style=\"text-align: justify;\">A su vez, los miembros de la delegaci\u00f3n afirmaron que el \u00e9xito de su conferencia se debe al apoyo real brindado por Siria a la causa palestina y consideraron que la organizaci\u00f3n de la conferencia por parte de Siria este a\u00f1o y en ocasiones anteriores demuestra la autenticidad del pueblo sirio.<\/p>\n<p style=\"text-align: justify;\">Nuestra defensa por Siria en los pa\u00edses donde residimos es tambi\u00e9n una defensa por Palestina, y la guerra que enfrenta el pueblo sirio desenmascar\u00f3 a muchos en Occidente que alegan defender las libertades y los derechos humanos, manifestaron los miembros de la delegaci\u00f3n.<\/p>\n<p>fm\/ed<\/p>\n","protected":false},"excerpt":{"rendered":"<p>\u00a0Nuestra defensa por Siria en los pa\u00edses donde residimos es tambi\u00e9n una defensa por Palestina, y la guerra que enfrenta el pueblo sirio desenmascar\u00f3 a muchos en Occidente que alegan defender las libertades y los derechos humanos, manifestaron los miembros de la delegaci\u00f3n. Damasco, 16 may (SANA) El presidente Bashar al-Assad, recibi\u00f3 hoy a los &hellip;<\/p>\n","protected":false},"author":32,"featured_media":233868,"comment_status":"closed","ping_status":"closed","sticky":false,"template":"","format":"standard","meta":{"footnotes":""},"categories":[477,597,476,16237,583],"tags":[],"class_list":["post-233867","post","type-post","status-publish","format-standard","has-post-thumbnail","","category-noticias-edulcorantes","category-cinta-de-noticias","category-locales","category-presidence-de-la-republique-arabe-syria","category-slide"],"_links":{"self":[{"href":"https:\/\/archive.sana.sy\/es\/index.php?rest_route=\/wp\/v2\/posts\/233867"}],"collection":[{"href":"https:\/\/archive.sana.sy\/es\/index.php?rest_route=\/wp\/v2\/posts"}],"about":[{"href":"https:\/\/archive.sana.sy\/es\/index.php?rest_route=\/wp\/v2\/types\/post"}],"author":[{"embeddable":true,"href":"https:\/\/archive.sana.sy\/es\/index.php?rest_route=\/wp\/v2\/users\/32"}],"replies":[{"embeddable":true,"href":"https:\/\/archive.sana.sy\/es\/index.php?rest_route=%2Fwp%2Fv2%2Fcomments&post=233867"}],"version-history":[{"count":0,"href":"https:\/\/archive.sana.sy\/es\/index.php?rest_route=\/wp\/v2\/posts\/233867\/revisions"}],"wp:featuredmedia":[{"embeddable":true,"href":"https:\/\/archive.sana.sy\/es\/index.php?rest_route=\/wp\/v2\/media\/233868"}],"wp:attachment":[{"href":"https:\/\/archive.sana.sy\/es\/index.php?rest_route=%2Fwp%2Fv2%2Fmedia&parent=233867"}],"wp:term":[{"taxonomy":"category","embeddable":true,"href":"https:\/\/archive.sana.sy\/es\/index.php?rest_route=%2Fwp%2Fv2%2Fcategories&post=233867"},{"taxonomy":"post_tag","embeddable":true,"href":"https:\/\/archive.sana.sy\/es\/index.php?rest_route=%2Fwp%2Fv2%2Ftags&post=233867"}],"curies":[{"name":"wp","href":"https:\/\/api.w.org\/{rel}","templated":true}]}}