{"id":233939,"date":"2022-05-16T20:24:11","date_gmt":"2022-05-16T17:24:11","guid":{"rendered":"http:\/\/107.6.182.27\/es\/?p=233939"},"modified":"2023-01-10T16:18:40","modified_gmt":"2023-01-10T14:18:40","slug":"junta-sindical-de-chequia-moravia-y-silizco-condena-la-agresion-israeli-contra-siria","status":"publish","type":"post","link":"https:\/\/archive.sana.sy\/es\/?p=233939","title":{"rendered":"Junta Sindical de Chequia, Moravia y Silizco condena la agresi\u00f3n israel\u00ed contra Siria"},"content":{"rendered":"<p style=\"text-align: justify;\"><strong>Praga, 16 may (SANA) <\/strong>La Junta Sindical de Chequia, Moravia y Silizco afirm\u00f3 que la agresi\u00f3n israel\u00ed contra Siria es una actitud criminal y terror de estado a favor de los terroristas.<\/p>\n<p style=\"text-align: justify;\">El secretario ejecutivo de la Junta, Martin Bitch, dijo en declaraciones a SANA que es el momento ya para imponer un aislamiento econ\u00f3mico, diplom\u00e1tico e internacional sobre el ente sionista que no solo viola las resoluciones internacionales sino tambi\u00e9n practica pol\u00edticas racistas y terrorismo de estado.<\/p>\n<p style=\"text-align: justify;\">Bitch expres\u00f3 el apoyo de la Junta a la poblaci\u00f3n del Gol\u00e1n \u00e1rabe Sirio en su lucha por poner fin a la ocupaci\u00f3n israel\u00ed.<\/p>\n<p style=\"text-align: justify;\"><em><strong>rsh\/ah<\/strong><\/em><\/p>\n","protected":false},"excerpt":{"rendered":"<p>Praga, 16 may (SANA) La Junta Sindical de Chequia, Moravia y Silizco afirm\u00f3 que la agresi\u00f3n israel\u00ed contra Siria es una actitud criminal y terror de estado a favor de los terroristas. El secretario ejecutivo de la Junta, Martin Bitch, dijo en declaraciones a SANA que es el momento ya para imponer un aislamiento econ\u00f3mico, &hellip;<\/p>\n","protected":false},"author":30,"featured_media":233940,"comment_status":"closed","ping_status":"closed","sticky":false,"template":"","format":"standard","meta":{"footnotes":""},"categories":[597,456],"tags":[],"class_list":["post-233939","post","type-post","status-publish","format-standard","has-post-thumbnail","","category-cinta-de-noticias","category-arabe-internacional-politica"],"_links":{"self":[{"href":"https:\/\/archive.sana.sy\/es\/index.php?rest_route=\/wp\/v2\/posts\/233939"}],"collection":[{"href":"https:\/\/archive.sana.sy\/es\/index.php?rest_route=\/wp\/v2\/posts"}],"about":[{"href":"https:\/\/archive.sana.sy\/es\/index.php?rest_route=\/wp\/v2\/types\/post"}],"author":[{"embeddable":true,"href":"https:\/\/archive.sana.sy\/es\/index.php?rest_route=\/wp\/v2\/users\/30"}],"replies":[{"embeddable":true,"href":"https:\/\/archive.sana.sy\/es\/index.php?rest_route=%2Fwp%2Fv2%2Fcomments&post=233939"}],"version-history":[{"count":0,"href":"https:\/\/archive.sana.sy\/es\/index.php?rest_route=\/wp\/v2\/posts\/233939\/revisions"}],"wp:featuredmedia":[{"embeddable":true,"href":"https:\/\/archive.sana.sy\/es\/index.php?rest_route=\/wp\/v2\/media\/233940"}],"wp:attachment":[{"href":"https:\/\/archive.sana.sy\/es\/index.php?rest_route=%2Fwp%2Fv2%2Fmedia&parent=233939"}],"wp:term":[{"taxonomy":"category","embeddable":true,"href":"https:\/\/archive.sana.sy\/es\/index.php?rest_route=%2Fwp%2Fv2%2Fcategories&post=233939"},{"taxonomy":"post_tag","embeddable":true,"href":"https:\/\/archive.sana.sy\/es\/index.php?rest_route=%2Fwp%2Fv2%2Ftags&post=233939"}],"curies":[{"name":"wp","href":"https:\/\/api.w.org\/{rel}","templated":true}]}}