{"id":233942,"date":"2022-05-16T20:50:11","date_gmt":"2022-05-16T17:50:11","guid":{"rendered":"http:\/\/107.6.182.27\/es\/?p=233942"},"modified":"2022-05-16T20:50:11","modified_gmt":"2022-05-16T17:50:11","slug":"politicos-y-clerigos-rusos-denuncian-politicas-norteamericanas-e-israelies-contra-siria","status":"publish","type":"post","link":"https:\/\/archive.sana.sy\/es\/?p=233942","title":{"rendered":"Pol\u00edticos y cl\u00e9rigos rusos denuncian pol\u00edticas norteamericanas e israel\u00edes contra Siria"},"content":{"rendered":"<p style=\"text-align: justify;\"><strong>Mosc\u00fa, 16 may (SANA) <\/strong>Pol\u00edticos y cl\u00e9rigos de Rusia condenaron la pol\u00edtica de EEUU e Israel en apoyo al terrorismo en Siria y reiteraron su rechazo a las agresiones frecuentes a su soberan\u00eda.<\/p>\n<p style=\"text-align: justify;\">En declaraciones al corresponsal de SANA en Mosc\u00fa, el presidente de la Asociaci\u00f3n Religiosa de los Musulmanes de Rusia, el cheij Alber Caraganov, dijo: &#8220;condenamos los actos de agresi\u00f3n a Siria que ponen en riesgo la seguridad de toda la regi\u00f3n&#8221;.<\/p>\n<p style=\"text-align: justify;\">En otra declaraci\u00f3n el secretario ejecutivo del Consejo de Religiones en Rusia, el sacerdote Dmitri Savonov dijo: &#8220;Siria es una tierra sagrada para nosotros y las agresiones israel\u00edes apuntan contra el pueblo sirio&#8221;.<\/p>\n<p style=\"text-align: justify;\">Savonov subray\u00f3 que la tragedia que sufren los pa\u00edses \u00e1rabes desde hace 80 a\u00f1os es sumamente inquietante porque dio lugar al desplazamiento de los \u00e1rabes de Palestina y del Gol\u00e1n sirio ocupado, afirmando que el Gol\u00e1n debe volver a la madre patria Siria.<\/p>\n<p style=\"text-align: justify;\">Por su parte el director del Instituto de Relaciones \u00c9tnicas y Religiosas, Serguei Milincov, destac\u00f3 que la situaci\u00f3n actual en el mundo se parece a lo que era en v\u00edsperas de la segunda guerra mundial.<\/p>\n<p style=\"text-align: justify;\">Por su parte Alexander Brod, miembro del Consejo Presidencial para el Desarrollo de la Sociedad Civil dijo: &#8220;EEUU a\u00fan juega el papel de pa\u00eds hegem\u00f3nico en el mundo y trata de imponer sus dictados&#8221;.<\/p>\n<p style=\"text-align: justify;\"><em><strong>rsh\/ah<\/strong><\/em><\/p>\n","protected":false},"excerpt":{"rendered":"<p>Mosc\u00fa, 16 may (SANA) Pol\u00edticos y cl\u00e9rigos de Rusia condenaron la pol\u00edtica de EEUU e Israel en apoyo al terrorismo en Siria y reiteraron su rechazo a las agresiones frecuentes a su soberan\u00eda. En declaraciones al corresponsal de SANA en Mosc\u00fa, el presidente de la Asociaci\u00f3n Religiosa de los Musulmanes de Rusia, el cheij Alber &hellip;<\/p>\n","protected":false},"author":30,"featured_media":233943,"comment_status":"closed","ping_status":"closed","sticky":false,"template":"","format":"standard","meta":{"footnotes":""},"categories":[597,467,7541],"tags":[],"class_list":["post-233942","post","type-post","status-publish","format-standard","has-post-thumbnail","","category-cinta-de-noticias","category-siria-y-el-mundo","category-ultimas-noticias"],"_links":{"self":[{"href":"https:\/\/archive.sana.sy\/es\/index.php?rest_route=\/wp\/v2\/posts\/233942"}],"collection":[{"href":"https:\/\/archive.sana.sy\/es\/index.php?rest_route=\/wp\/v2\/posts"}],"about":[{"href":"https:\/\/archive.sana.sy\/es\/index.php?rest_route=\/wp\/v2\/types\/post"}],"author":[{"embeddable":true,"href":"https:\/\/archive.sana.sy\/es\/index.php?rest_route=\/wp\/v2\/users\/30"}],"replies":[{"embeddable":true,"href":"https:\/\/archive.sana.sy\/es\/index.php?rest_route=%2Fwp%2Fv2%2Fcomments&post=233942"}],"version-history":[{"count":0,"href":"https:\/\/archive.sana.sy\/es\/index.php?rest_route=\/wp\/v2\/posts\/233942\/revisions"}],"wp:featuredmedia":[{"embeddable":true,"href":"https:\/\/archive.sana.sy\/es\/index.php?rest_route=\/wp\/v2\/media\/233943"}],"wp:attachment":[{"href":"https:\/\/archive.sana.sy\/es\/index.php?rest_route=%2Fwp%2Fv2%2Fmedia&parent=233942"}],"wp:term":[{"taxonomy":"category","embeddable":true,"href":"https:\/\/archive.sana.sy\/es\/index.php?rest_route=%2Fwp%2Fv2%2Fcategories&post=233942"},{"taxonomy":"post_tag","embeddable":true,"href":"https:\/\/archive.sana.sy\/es\/index.php?rest_route=%2Fwp%2Fv2%2Ftags&post=233942"}],"curies":[{"name":"wp","href":"https:\/\/api.w.org\/{rel}","templated":true}]}}