{"id":233953,"date":"2022-05-16T21:27:27","date_gmt":"2022-05-16T18:27:27","guid":{"rendered":"http:\/\/107.6.182.27\/es\/?p=233953"},"modified":"2022-05-16T21:27:27","modified_gmt":"2022-05-16T18:27:27","slug":"la-conferencia-de-inversion-en-energias-renovables-exige-levantar-las-medidas-coercitivas-unilaterales","status":"publish","type":"post","link":"https:\/\/archive.sana.sy\/es\/?p=233953","title":{"rendered":"La Conferencia de Inversi\u00f3n en Energ\u00edas Renovables exige levantar las medidas coercitivas unilaterales"},"content":{"rendered":"<p style=\"text-align: justify;\"><strong>Damasco, 16 may (SANA) <\/strong>Los participantes en la 1\u00aa Conferencia de Inversi\u00f3n en Energ\u00edas Renovables llamaron al levantamiento de las medidas coercitivas unilaterales impuestas al pueblo sirio dado su efecto negativo en el sector de electricidad, y pidieron permitir al sector privado participar en el suministro seguro de energ\u00eda a precios competitivos.<\/p>\n<p style=\"text-align: justify;\">Las recomendaciones finales de la conferencia destacaron la importancia de activar la conexi\u00f3n el\u00e9ctrica entre los pa\u00edses \u00e1rabes y estimular la creaci\u00f3n de sociedades an\u00f3nimas en el campo de energ\u00edas renovables.<\/p>\n<p style=\"text-align: justify;\"><em><strong>rsh\/ah<\/strong><\/em><\/p>\n","protected":false},"excerpt":{"rendered":"<p>Damasco, 16 may (SANA) Los participantes en la 1\u00aa Conferencia de Inversi\u00f3n en Energ\u00edas Renovables llamaron al levantamiento de las medidas coercitivas unilaterales impuestas al pueblo sirio dado su efecto negativo en el sector de electricidad, y pidieron permitir al sector privado participar en el suministro seguro de energ\u00eda a precios competitivos. Las recomendaciones finales &hellip;<\/p>\n","protected":false},"author":30,"featured_media":233954,"comment_status":"closed","ping_status":"closed","sticky":false,"template":"","format":"standard","meta":{"footnotes":""},"categories":[597,476,7541],"tags":[],"class_list":["post-233953","post","type-post","status-publish","format-standard","has-post-thumbnail","","category-cinta-de-noticias","category-locales","category-ultimas-noticias"],"_links":{"self":[{"href":"https:\/\/archive.sana.sy\/es\/index.php?rest_route=\/wp\/v2\/posts\/233953"}],"collection":[{"href":"https:\/\/archive.sana.sy\/es\/index.php?rest_route=\/wp\/v2\/posts"}],"about":[{"href":"https:\/\/archive.sana.sy\/es\/index.php?rest_route=\/wp\/v2\/types\/post"}],"author":[{"embeddable":true,"href":"https:\/\/archive.sana.sy\/es\/index.php?rest_route=\/wp\/v2\/users\/30"}],"replies":[{"embeddable":true,"href":"https:\/\/archive.sana.sy\/es\/index.php?rest_route=%2Fwp%2Fv2%2Fcomments&post=233953"}],"version-history":[{"count":0,"href":"https:\/\/archive.sana.sy\/es\/index.php?rest_route=\/wp\/v2\/posts\/233953\/revisions"}],"wp:featuredmedia":[{"embeddable":true,"href":"https:\/\/archive.sana.sy\/es\/index.php?rest_route=\/wp\/v2\/media\/233954"}],"wp:attachment":[{"href":"https:\/\/archive.sana.sy\/es\/index.php?rest_route=%2Fwp%2Fv2%2Fmedia&parent=233953"}],"wp:term":[{"taxonomy":"category","embeddable":true,"href":"https:\/\/archive.sana.sy\/es\/index.php?rest_route=%2Fwp%2Fv2%2Fcategories&post=233953"},{"taxonomy":"post_tag","embeddable":true,"href":"https:\/\/archive.sana.sy\/es\/index.php?rest_route=%2Fwp%2Fv2%2Ftags&post=233953"}],"curies":[{"name":"wp","href":"https:\/\/api.w.org\/{rel}","templated":true}]}}