{"id":234047,"date":"2022-05-17T13:59:58","date_gmt":"2022-05-17T10:59:58","guid":{"rendered":"http:\/\/107.6.182.27\/es\/?p=234047"},"modified":"2023-01-10T16:18:38","modified_gmt":"2023-01-10T14:18:38","slug":"fuerzas-del-ocupante-israeli-arrestan-a-16-palestinos-en-cisjordania","status":"publish","type":"post","link":"https:\/\/archive.sana.sy\/es\/?p=234047","title":{"rendered":"Fuerzas del ocupante israel\u00ed arrestan a 16 palestinos en Cisjordania"},"content":{"rendered":"<p style=\"text-align: justify;\"><strong>Jerusal\u00e9n ocupada, 17 may (SANA)\u00a0<\/strong> Las fuerzas de ocupaci\u00f3n israel\u00edes detuvieron este martes a 16 palestinos en distintas partes de Cisjordania.<\/p>\n<p style=\"text-align: justify;\">Seg\u00fan inform\u00f3 la agencia de noticias Wafa, las tropas sionistas entraron en varias localidades de Hebr\u00f3n, Jenin, Bel\u00e9n y Tubas, y capturaron a los palestinos.<\/p>\n<p style=\"text-align: justify;\">El \u00faltimo lunes, los israel\u00edes atacaron el funeral del joven palestino Walid Al-Sharif y llevaron por fuerza a 50 palestinos en Jerusal\u00e9n ocupada.<\/p>\n<p style=\"text-align: justify;\"><strong>ws\/fm<\/strong><\/p>\n","protected":false},"excerpt":{"rendered":"<p>Jerusal\u00e9n ocupada, 17 may (SANA)\u00a0 Las fuerzas de ocupaci\u00f3n israel\u00edes detuvieron este martes a 16 palestinos en distintas partes de Cisjordania. Seg\u00fan inform\u00f3 la agencia de noticias Wafa, las tropas sionistas entraron en varias localidades de Hebr\u00f3n, Jenin, Bel\u00e9n y Tubas, y capturaron a los palestinos. El \u00faltimo lunes, los israel\u00edes atacaron el funeral del &hellip;<\/p>\n","protected":false},"author":35,"featured_media":234048,"comment_status":"closed","ping_status":"closed","sticky":false,"template":"","format":"standard","meta":{"footnotes":""},"categories":[597,456,457,7541],"tags":[],"class_list":["post-234047","post","type-post","status-publish","format-standard","has-post-thumbnail","","category-cinta-de-noticias","category-arabe-internacional-politica","category-noticias-arabe-internacional-politica","category-ultimas-noticias"],"_links":{"self":[{"href":"https:\/\/archive.sana.sy\/es\/index.php?rest_route=\/wp\/v2\/posts\/234047"}],"collection":[{"href":"https:\/\/archive.sana.sy\/es\/index.php?rest_route=\/wp\/v2\/posts"}],"about":[{"href":"https:\/\/archive.sana.sy\/es\/index.php?rest_route=\/wp\/v2\/types\/post"}],"author":[{"embeddable":true,"href":"https:\/\/archive.sana.sy\/es\/index.php?rest_route=\/wp\/v2\/users\/35"}],"replies":[{"embeddable":true,"href":"https:\/\/archive.sana.sy\/es\/index.php?rest_route=%2Fwp%2Fv2%2Fcomments&post=234047"}],"version-history":[{"count":0,"href":"https:\/\/archive.sana.sy\/es\/index.php?rest_route=\/wp\/v2\/posts\/234047\/revisions"}],"wp:featuredmedia":[{"embeddable":true,"href":"https:\/\/archive.sana.sy\/es\/index.php?rest_route=\/wp\/v2\/media\/234048"}],"wp:attachment":[{"href":"https:\/\/archive.sana.sy\/es\/index.php?rest_route=%2Fwp%2Fv2%2Fmedia&parent=234047"}],"wp:term":[{"taxonomy":"category","embeddable":true,"href":"https:\/\/archive.sana.sy\/es\/index.php?rest_route=%2Fwp%2Fv2%2Fcategories&post=234047"},{"taxonomy":"post_tag","embeddable":true,"href":"https:\/\/archive.sana.sy\/es\/index.php?rest_route=%2Fwp%2Fv2%2Ftags&post=234047"}],"curies":[{"name":"wp","href":"https:\/\/api.w.org\/{rel}","templated":true}]}}