{"id":234052,"date":"2022-05-17T15:14:55","date_gmt":"2022-05-17T12:14:55","guid":{"rendered":"http:\/\/107.6.182.27\/es\/?p=234052"},"modified":"2022-05-17T15:31:54","modified_gmt":"2022-05-17T12:31:54","slug":"presidente-al-assad-la-guerra-en-nuestra-region-es-intelectual-e-ideologica-y-es-mas-peligrosa-que-una-guerra-militar","status":"publish","type":"post","link":"https:\/\/archive.sana.sy\/es\/?p=234052","title":{"rendered":"Presidente Al-Assad: la guerra en nuestra regi\u00f3n es intelectual e ideol\u00f3gica, y es m\u00e1s peligrosa que una guerra militar."},"content":{"rendered":"<p style=\"text-align: justify;\">Damasco, 17 may (SANA) El presidente Bashar al-Assad, recibi\u00f3 hoy una delegaci\u00f3n parlamentaria mauritana encabezada por Mustafa Sohaib, jefe del Comit\u00e9 de Amistad Mauritano-Siria en la C\u00e1mara de Representantes de Mauritania.<\/p>\n<p style=\"text-align: justify;\">Las conversaciones trataron la situaci\u00f3n en el \u00e1mbito \u00e1rabe y el rol b\u00e1sico de los pueblos en la estabilidad de esta regi\u00f3n mediante la preservaci\u00f3n y apego a su identidad.<\/p>\n<p style=\"text-align: justify;\">El presidente consider\u00f3 que la guerra en esta regi\u00f3n es ante todo una guerra intelectual e ideol\u00f3gica, y es m\u00e1s peligrosa y efectiva que una guerra militar.<\/p>\n<p style=\"text-align: justify;\">\u201cEl pueblo mauritano siempre ha estado vinculado y apegado a su identidad y pertenencia \u00e1rabe\u201d, dijo el presidente.<\/p>\n<p style=\"text-align: justify;\"><img loading=\"lazy\" decoding=\"async\" class=\"size-medium wp-image-234054 alignleft\" src=\"http:\/\/107.6.182.27\/es\/wp-content\/uploads\/2022\/05\/photo_2022-05-17_13-59-37-300x207.jpg\" alt=\"\" width=\"300\" height=\"207\" srcset=\"https:\/\/archive.sana.sy\/es\/wp-content\/uploads\/2022\/05\/photo_2022-05-17_13-59-37-300x207.jpg 300w, https:\/\/archive.sana.sy\/es\/wp-content\/uploads\/2022\/05\/photo_2022-05-17_13-59-37-1024x707.jpg 1024w, https:\/\/archive.sana.sy\/es\/wp-content\/uploads\/2022\/05\/photo_2022-05-17_13-59-37-150x104.jpg 150w, https:\/\/archive.sana.sy\/es\/wp-content\/uploads\/2022\/05\/photo_2022-05-17_13-59-37-768x530.jpg 768w, https:\/\/archive.sana.sy\/es\/wp-content\/uploads\/2022\/05\/photo_2022-05-17_13-59-37-110x75.jpg 110w, https:\/\/archive.sana.sy\/es\/wp-content\/uploads\/2022\/05\/photo_2022-05-17_13-59-37.jpg 1280w\" sizes=\"(max-width: 300px) 100vw, 300px\" \/>Los miembros de la delegaci\u00f3n mauritana elogiaron la postura y el compromiso de Siria con las causas \u00e1rabes, y ratificaron el continuo apoyo al pueblo sirio frente a la guerra terrorista que tambi\u00e9n atenta contra todos los pueblos apegados a su arabismo.<\/p>\n<p style=\"text-align: justify;\">fm\/ed<\/p>\n","protected":false},"excerpt":{"rendered":"<p>Damasco, 17 may (SANA) El presidente Bashar al-Assad, recibi\u00f3 hoy una delegaci\u00f3n parlamentaria mauritana encabezada por Mustafa Sohaib, jefe del Comit\u00e9 de Amistad Mauritano-Siria en la C\u00e1mara de Representantes de Mauritania. Las conversaciones trataron la situaci\u00f3n en el \u00e1mbito \u00e1rabe y el rol b\u00e1sico de los pueblos en la estabilidad de esta regi\u00f3n mediante la &hellip;<\/p>\n","protected":false},"author":32,"featured_media":234053,"comment_status":"closed","ping_status":"closed","sticky":false,"template":"","format":"standard","meta":{"footnotes":""},"categories":[477,597,476,16237,583],"tags":[],"class_list":["post-234052","post","type-post","status-publish","format-standard","has-post-thumbnail","","category-noticias-edulcorantes","category-cinta-de-noticias","category-locales","category-presidence-de-la-republique-arabe-syria","category-slide"],"_links":{"self":[{"href":"https:\/\/archive.sana.sy\/es\/index.php?rest_route=\/wp\/v2\/posts\/234052"}],"collection":[{"href":"https:\/\/archive.sana.sy\/es\/index.php?rest_route=\/wp\/v2\/posts"}],"about":[{"href":"https:\/\/archive.sana.sy\/es\/index.php?rest_route=\/wp\/v2\/types\/post"}],"author":[{"embeddable":true,"href":"https:\/\/archive.sana.sy\/es\/index.php?rest_route=\/wp\/v2\/users\/32"}],"replies":[{"embeddable":true,"href":"https:\/\/archive.sana.sy\/es\/index.php?rest_route=%2Fwp%2Fv2%2Fcomments&post=234052"}],"version-history":[{"count":0,"href":"https:\/\/archive.sana.sy\/es\/index.php?rest_route=\/wp\/v2\/posts\/234052\/revisions"}],"wp:featuredmedia":[{"embeddable":true,"href":"https:\/\/archive.sana.sy\/es\/index.php?rest_route=\/wp\/v2\/media\/234053"}],"wp:attachment":[{"href":"https:\/\/archive.sana.sy\/es\/index.php?rest_route=%2Fwp%2Fv2%2Fmedia&parent=234052"}],"wp:term":[{"taxonomy":"category","embeddable":true,"href":"https:\/\/archive.sana.sy\/es\/index.php?rest_route=%2Fwp%2Fv2%2Fcategories&post=234052"},{"taxonomy":"post_tag","embeddable":true,"href":"https:\/\/archive.sana.sy\/es\/index.php?rest_route=%2Fwp%2Fv2%2Ftags&post=234052"}],"curies":[{"name":"wp","href":"https:\/\/api.w.org\/{rel}","templated":true}]}}