{"id":234102,"date":"2022-05-17T20:07:23","date_gmt":"2022-05-17T17:07:23","guid":{"rendered":"http:\/\/107.6.182.27\/es\/?p=234102"},"modified":"2022-05-17T20:15:06","modified_gmt":"2022-05-17T17:15:06","slug":"inicia-el-festival-de-la-cosecha-de-la-rosa-damascena-en-el-campo-de-damasco-2","status":"publish","type":"post","link":"https:\/\/archive.sana.sy\/es\/?p=234102","title":{"rendered":"Inicia el festival de la Cosecha de la Rosa Damascena en el campo de Damasco"},"content":{"rendered":"<p style=\"text-align: justify;\"><span style=\"color: #800000;\"><strong>Damasco-campo, 17 may (SANA)<\/strong><\/span> El pueblo de Al-Marah en la gobernaci\u00f3n de Damasco-campo, cuyo nombre se asoci\u00f3 con la rosa de Damasco, se prepara para iniciar la cosecha de esta temporada y celebrar un festival popular el pr\u00f3ximo jueves.<\/p>\n<p style=\"text-align: justify;\">En declaraciones al reportero de SANA, Madin Al-Bitar, presidente de la asociaci\u00f3n organizadora del evento explic\u00f3 que el festival se ha convertido en un ritual social esperado por los aldeanos y los amantes de las rosa de Damasco.<\/p>\n<p style=\"text-align: justify;\">La localidad de al-Mrah, a unos 60 km al norte de Damasco, es el principal productor de la Rosa de Damasco ya que este pueblo goza de un clima especial caracterizado por inviernos fr\u00edos, y es, como dicen los agricultores, uno de los pueblos donde duerme la nieve (es decir, permanece m\u00e1s tiempo en los picos monta\u00f1osos y tierras altas) y este clima es muy adecuado para cultivar la Rosa de Damasco.<\/p>\n<p>&nbsp;<\/p>\n<div id='gallery-1' class='gallery galleryid-234102 gallery-columns-1 gallery-size-full'><figure class='gallery-item'>\n\t\t\t<div class='gallery-icon landscape'>\n\t\t\t\t<a href='https:\/\/archive.sana.sy\/es\/?attachment_id=234103'><img loading=\"lazy\" decoding=\"async\" width=\"1536\" height=\"1022\" src=\"https:\/\/archive.sana.sy\/es\/wp-content\/uploads\/2022\/05\/1-7.jpg\" class=\"attachment-full size-full\" alt=\"\" srcset=\"https:\/\/archive.sana.sy\/es\/wp-content\/uploads\/2022\/05\/1-7.jpg 1536w, https:\/\/archive.sana.sy\/es\/wp-content\/uploads\/2022\/05\/1-7-300x200.jpg 300w, https:\/\/archive.sana.sy\/es\/wp-content\/uploads\/2022\/05\/1-7-1024x681.jpg 1024w, https:\/\/archive.sana.sy\/es\/wp-content\/uploads\/2022\/05\/1-7-150x100.jpg 150w, https:\/\/archive.sana.sy\/es\/wp-content\/uploads\/2022\/05\/1-7-768x511.jpg 768w, https:\/\/archive.sana.sy\/es\/wp-content\/uploads\/2022\/05\/1-7-310x205.jpg 310w\" sizes=\"(max-width: 1536px) 100vw, 1536px\" \/><\/a>\n\t\t\t<\/div><\/figure><figure class='gallery-item'>\n\t\t\t<div class='gallery-icon landscape'>\n\t\t\t\t<a href='https:\/\/archive.sana.sy\/es\/?attachment_id=234104'><img loading=\"lazy\" decoding=\"async\" width=\"1536\" height=\"1022\" src=\"https:\/\/archive.sana.sy\/es\/wp-content\/uploads\/2022\/05\/2-11.jpg\" class=\"attachment-full size-full\" alt=\"\" srcset=\"https:\/\/archive.sana.sy\/es\/wp-content\/uploads\/2022\/05\/2-11.jpg 1536w, https:\/\/archive.sana.sy\/es\/wp-content\/uploads\/2022\/05\/2-11-300x200.jpg 300w, https:\/\/archive.sana.sy\/es\/wp-content\/uploads\/2022\/05\/2-11-1024x681.jpg 1024w, https:\/\/archive.sana.sy\/es\/wp-content\/uploads\/2022\/05\/2-11-150x100.jpg 150w, https:\/\/archive.sana.sy\/es\/wp-content\/uploads\/2022\/05\/2-11-768x511.jpg 768w, https:\/\/archive.sana.sy\/es\/wp-content\/uploads\/2022\/05\/2-11-310x205.jpg 310w\" sizes=\"(max-width: 1536px) 100vw, 1536px\" \/><\/a>\n\t\t\t<\/div><\/figure><figure class='gallery-item'>\n\t\t\t<div class='gallery-icon landscape'>\n\t\t\t\t<a href='https:\/\/archive.sana.sy\/es\/?attachment_id=234105'><img loading=\"lazy\" decoding=\"async\" width=\"1536\" height=\"1016\" src=\"https:\/\/archive.sana.sy\/es\/wp-content\/uploads\/2022\/05\/3-14.jpg\" class=\"attachment-full size-full\" alt=\"\" srcset=\"https:\/\/archive.sana.sy\/es\/wp-content\/uploads\/2022\/05\/3-14.jpg 1536w, https:\/\/archive.sana.sy\/es\/wp-content\/uploads\/2022\/05\/3-14-300x198.jpg 300w, https:\/\/archive.sana.sy\/es\/wp-content\/uploads\/2022\/05\/3-14-1024x677.jpg 1024w, https:\/\/archive.sana.sy\/es\/wp-content\/uploads\/2022\/05\/3-14-150x99.jpg 150w, https:\/\/archive.sana.sy\/es\/wp-content\/uploads\/2022\/05\/3-14-768x508.jpg 768w, https:\/\/archive.sana.sy\/es\/wp-content\/uploads\/2022\/05\/3-14-310x205.jpg 310w\" sizes=\"(max-width: 1536px) 100vw, 1536px\" \/><\/a>\n\t\t\t<\/div><\/figure>\n\t\t<\/div>\n\n<p style=\"text-align: justify;\">mm<\/p>\n<p>&nbsp;<\/p>\n","protected":false},"excerpt":{"rendered":"<p>Damasco-campo, 17 may (SANA) El pueblo de Al-Marah en la gobernaci\u00f3n de Damasco-campo, cuyo nombre se asoci\u00f3 con la rosa de Damasco, se prepara para iniciar la cosecha de esta temporada y celebrar un festival popular el pr\u00f3ximo jueves. En declaraciones al reportero de SANA, Madin Al-Bitar, presidente de la asociaci\u00f3n organizadora del evento explic\u00f3 &hellip;<\/p>\n","protected":false},"author":36,"featured_media":234109,"comment_status":"closed","ping_status":"closed","sticky":false,"template":"","format":"standard","meta":{"footnotes":""},"categories":[477,597,476,457,7541],"tags":[],"class_list":["post-234102","post","type-post","status-publish","format-standard","has-post-thumbnail","","category-noticias-edulcorantes","category-cinta-de-noticias","category-locales","category-noticias-arabe-internacional-politica","category-ultimas-noticias"],"_links":{"self":[{"href":"https:\/\/archive.sana.sy\/es\/index.php?rest_route=\/wp\/v2\/posts\/234102"}],"collection":[{"href":"https:\/\/archive.sana.sy\/es\/index.php?rest_route=\/wp\/v2\/posts"}],"about":[{"href":"https:\/\/archive.sana.sy\/es\/index.php?rest_route=\/wp\/v2\/types\/post"}],"author":[{"embeddable":true,"href":"https:\/\/archive.sana.sy\/es\/index.php?rest_route=\/wp\/v2\/users\/36"}],"replies":[{"embeddable":true,"href":"https:\/\/archive.sana.sy\/es\/index.php?rest_route=%2Fwp%2Fv2%2Fcomments&post=234102"}],"version-history":[{"count":0,"href":"https:\/\/archive.sana.sy\/es\/index.php?rest_route=\/wp\/v2\/posts\/234102\/revisions"}],"wp:featuredmedia":[{"embeddable":true,"href":"https:\/\/archive.sana.sy\/es\/index.php?rest_route=\/wp\/v2\/media\/234109"}],"wp:attachment":[{"href":"https:\/\/archive.sana.sy\/es\/index.php?rest_route=%2Fwp%2Fv2%2Fmedia&parent=234102"}],"wp:term":[{"taxonomy":"category","embeddable":true,"href":"https:\/\/archive.sana.sy\/es\/index.php?rest_route=%2Fwp%2Fv2%2Fcategories&post=234102"},{"taxonomy":"post_tag","embeddable":true,"href":"https:\/\/archive.sana.sy\/es\/index.php?rest_route=%2Fwp%2Fv2%2Ftags&post=234102"}],"curies":[{"name":"wp","href":"https:\/\/api.w.org\/{rel}","templated":true}]}}