{"id":23411,"date":"2015-05-17T14:27:57","date_gmt":"2015-05-17T11:27:57","guid":{"rendered":"http:\/\/www.sana.sy\/es\/?p=23411"},"modified":"2015-05-17T19:45:46","modified_gmt":"2015-05-17T16:45:46","slug":"al-halqui-presteza-del-gobierno-de-ofrecer-todas-las-necesidades-humanitarias-a-todas-las-regiones","status":"publish","type":"post","link":"https:\/\/archive.sana.sy\/es\/?p=23411","title":{"rendered":"Al Halqui: Disposici\u00f3n del gobierno de ofrecer todas las necesidades humanitarias a todas las regiones"},"content":{"rendered":"<p><span style=\"color: #800000\">Damasco, SANA<\/span><\/p>\n<p>El Primer ministro el Dr. Wael Al Halqui durante su reuni\u00f3n con el Relator Especial sobre los derechos humanos de los desplazados internos Chaloka Beyani afirm\u00f3 la presteza del gobierno sirio en colaboraci\u00f3n la sociedad civil y la organizaci\u00f3n de\u00a0 la Media Luna Roja \u00c1rabe siria para proporcionar las necesidades humanitarias a todas las regiones incluyendo a las regiones donde hay terroristas\u00a0 sobre la base de la responsabilidad \u00e9tica, legal y humanitaria.<\/p>\n<p>Al Halqui se\u00f1al\u00f3\u00a0 que el estado trabaja con la colaboraci\u00f3n de las organizaciones internacionales para ofrecer las ayudas a los ciudadanos sirios afectados por el terrorismo adem\u00e1s de activar las fundaciones especializadas en la protecci\u00f3n\u00a0 de ni\u00f1os y mujeres, haciendo alusi\u00f3n a los ataque terroristas a los convoyes de ayudas.<\/p>\n<p>El mismo afirm\u00f3\u00a0 la importancia de la cooperaci\u00f3n de todo el mundo con Siria para combatir el terrorismo e impedir a algunos estados de financiar a los terroristas con armas y dinero.<\/p>\n<p>As\u00ed como al-Halqui detall\u00f3 los esfuerzos del gobierno por aliviar el sufrimientos de los desplazados, e invit\u00f3 a los desplazados fuera del pa\u00eds a Turqu\u00eda, Jordania, el L\u00edbano a regresar a Siria y que el gobierno est\u00e1 dispuesto a proporcionar centros de residencia temporal a ellos.<\/p>\n<p>Por su parte Chaloka valor\u00f3 los esfuerzos humanitarios proporcionados por el gobierno sirio a los desplazados y ofrecer las necesidades de una buena vida expresando su deseo de aumentar la colaboraci\u00f3n con el gobierno para ayudar a la poblaci\u00f3n.<\/p>\n<p>Chaloka agradeci\u00f3 al gobierno por abrir centros de residencia temporal e campi\u00f1as diciendo que es\u00a0 un gesto digno de aprecio y confirma el compromiso del gobierno para con sus ciudadanos.<\/p>\n<p>Cabe mencionar que la reuni\u00f3n cont\u00f3 con la presencia del\u00a0 Director Adjunto del Departamento de Organizaciones \u00c1rabes y Extranjeras en el Ministerio de Relaciones Exteriores.<\/p>\n<p>Asimismo el vicecanciller Faisal Mikdad se reuni\u00f3 con el Relator Especial sobre los derechos humanos de los desplazados internos Chaloka Beyani.<\/p>\n<p><a href=\"http:\/\/sana.sy\/es\/wp-content\/uploads\/2015\/05\/m.jpg\"><img loading=\"lazy\" decoding=\"async\" class=\"alignnone size-medium wp-image-23442\" src=\"http:\/\/sana.sy\/es\/wp-content\/uploads\/2015\/05\/m-300x181.jpg\" alt=\"m\" width=\"300\" height=\"181\" srcset=\"https:\/\/archive.sana.sy\/es\/wp-content\/uploads\/2015\/05\/m.jpg 300w, https:\/\/archive.sana.sy\/es\/wp-content\/uploads\/2015\/05\/m-150x91.jpg 150w\" sizes=\"(max-width: 300px) 100vw, 300px\" \/><\/a><\/p>\n<p>Durante la reuni\u00f3n ambos partes debatieron\u00a0 las v\u00edas de promover la cooperaci\u00f3n en materia de proporcionar ayudas humanitarias a los desplazados.<\/p>\n<p>Mikdad asegur\u00f3 que el gobierno sirio, a pesar de las sanciones econ\u00f3micas impuestas sobre el pa\u00eds, contin\u00faa proporcionando ayudas a los ciudadanos sirios desplazados.<\/p>\n<p>Asimismo responsabiliz\u00f3 a los pa\u00edses que apoyan a las organizaciones terroristas, en particular Turqu\u00eda y Arabia saudita, por el deterioro de la situaci\u00f3n de los desplazados.<\/p>\n<p>Por su parte, Beyani manifest\u00f3 su deseo de cooperar con el gobierno sirio y de coordinar con la ONU para encontrar soluciones a los problemas de los desplazados dentro de Siria.<\/p>\n<p>En el mismo contexto la ministra de asuntos sociales Kinda Shamaat se encontr\u00f3 con Beyani.<\/p>\n<p><a href=\"http:\/\/sana.sy\/es\/wp-content\/uploads\/2015\/05\/s.jpg\"><img loading=\"lazy\" decoding=\"async\" class=\"alignnone size-medium wp-image-23444\" src=\"http:\/\/sana.sy\/es\/wp-content\/uploads\/2015\/05\/s-300x184.jpg\" alt=\"s\" width=\"300\" height=\"184\" srcset=\"https:\/\/archive.sana.sy\/es\/wp-content\/uploads\/2015\/05\/s.jpg 300w, https:\/\/archive.sana.sy\/es\/wp-content\/uploads\/2015\/05\/s-150x92.jpg 150w\" sizes=\"(max-width: 300px) 100vw, 300px\" \/><\/a><\/p>\n<p>Durante la reuni\u00f3n, Shamaat afirm\u00f3 que el gobierno sirio presta gran inter\u00e9s al expediente de la protecci\u00f3n\u00a0 de los ni\u00f1os y las mujeres y agreg\u00f3 que el mismo ha sido abordado de conforme con los criterios internacionales.<\/p>\n<p>Asimismo dijo que el gobierno ha establecido varios programas para proteger a los ni\u00f1os y las mujeres, adem\u00e1s de dar seguimiento a las v\u00edctimas en cooperaci\u00f3n\u00a0 con las organizaciones internacionales interesadas en asuntos humanitarios.<\/p>\n<p>En declaraciones a los periodistas tras la reuni\u00f3n, Beyani elogi\u00f3 las medidas adoptados por el gobierno sirio en materia de tratar con las cuestiones relacionadas con los desplazados y garantizar la protecci\u00f3n de los ni\u00f1os y las mujeres.<\/p>\n<p>Hala B., Riyad Sh.-Y.K.<\/p>\n","protected":false},"excerpt":{"rendered":"<p>Damasco, SANA El Primer ministro el Dr. Wael Al Halqui durante su reuni\u00f3n con el Relator Especial sobre los derechos humanos de los desplazados internos Chaloka Beyani afirm\u00f3 la presteza del gobierno sirio en colaboraci\u00f3n la sociedad civil y la organizaci\u00f3n de\u00a0 la Media Luna Roja \u00c1rabe siria para proporcionar las necesidades humanitarias a todas &hellip;<\/p>\n","protected":false},"author":24,"featured_media":23412,"comment_status":"closed","ping_status":"closed","sticky":false,"template":"","format":"standard","meta":{"footnotes":""},"categories":[477,597,476,576],"tags":[5296],"class_list":["post-23411","post","type-post","status-publish","format-standard","has-post-thumbnail","","category-noticias-edulcorantes","category-cinta-de-noticias","category-locales","category-noticias-politicas","tag-al-halqui-presteza-del-gobierno-de-ofrecer-todas-las-necesidades-humanitarias-a-todas-las-regiones"],"_links":{"self":[{"href":"https:\/\/archive.sana.sy\/es\/index.php?rest_route=\/wp\/v2\/posts\/23411"}],"collection":[{"href":"https:\/\/archive.sana.sy\/es\/index.php?rest_route=\/wp\/v2\/posts"}],"about":[{"href":"https:\/\/archive.sana.sy\/es\/index.php?rest_route=\/wp\/v2\/types\/post"}],"author":[{"embeddable":true,"href":"https:\/\/archive.sana.sy\/es\/index.php?rest_route=\/wp\/v2\/users\/24"}],"replies":[{"embeddable":true,"href":"https:\/\/archive.sana.sy\/es\/index.php?rest_route=%2Fwp%2Fv2%2Fcomments&post=23411"}],"version-history":[{"count":0,"href":"https:\/\/archive.sana.sy\/es\/index.php?rest_route=\/wp\/v2\/posts\/23411\/revisions"}],"wp:featuredmedia":[{"embeddable":true,"href":"https:\/\/archive.sana.sy\/es\/index.php?rest_route=\/wp\/v2\/media\/23412"}],"wp:attachment":[{"href":"https:\/\/archive.sana.sy\/es\/index.php?rest_route=%2Fwp%2Fv2%2Fmedia&parent=23411"}],"wp:term":[{"taxonomy":"category","embeddable":true,"href":"https:\/\/archive.sana.sy\/es\/index.php?rest_route=%2Fwp%2Fv2%2Fcategories&post=23411"},{"taxonomy":"post_tag","embeddable":true,"href":"https:\/\/archive.sana.sy\/es\/index.php?rest_route=%2Fwp%2Fv2%2Ftags&post=23411"}],"curies":[{"name":"wp","href":"https:\/\/api.w.org\/{rel}","templated":true}]}}