{"id":234236,"date":"2022-05-18T16:27:39","date_gmt":"2022-05-18T13:27:39","guid":{"rendered":"http:\/\/107.6.182.27\/es\/?p=234236"},"modified":"2023-01-10T14:03:46","modified_gmt":"2023-01-10T12:03:46","slug":"mekdad-aborda-con-msuya-la-labor-humanitaria-de-las-naciones-unidas-y-sus-agencias-en-siria","status":"publish","type":"post","link":"https:\/\/archive.sana.sy\/es\/?p=234236","title":{"rendered":"Mekdad aborda con Msuya la labor humanitaria de las Naciones Unidas y sus agencias en Siria"},"content":{"rendered":"<p style=\"text-align: justify\"><span style=\"color: #800000\"><strong>Damasco, 18 may (SANA)<\/strong><\/span> El ministro de Exteriores y Expatriados, Faisal Al-Mekdad, repas\u00f3 con la subsecretaria general de las Naciones Unidas para Asuntos Humanitarios, Joyce Msuya, el papel de las Naciones Unidas en la respuesta humanitaria a la situaci\u00f3n en Siria.<\/p>\n<p style=\"text-align: justify\">Durante la reuni\u00f3n sostenida en la sede de la Canciller\u00eda siria, el canciller deplor\u00f3 la politizaci\u00f3n de la ayuda humanitaria por parte de los pa\u00edses occidentales en aras de lograr objetivos pol\u00edticos.<\/p>\n<p style=\"text-align: justify\">Destac\u00f3 la importancia del apego a los principios del trabajo humanitario en Siria y el compromiso con la neutralidad y la independencia, lo que contribuye a asegurar las necesidades b\u00e1sicas y la prestaci\u00f3n de ayuda a sus beneficiarios reales.<\/p>\n<p style=\"text-align: justify\">Denunci\u00f3 los efectos inhumanos de las medidas coercitivas unilaterales impuestas por Estados Unidos y sus aliados occidentales sobre el pueblo sirio, y pidi\u00f3 a las Naciones Unidas que se esfuerce para poner fin a estas medidas que contradicen la Carta de las Naciones Unidas y el derecho internacional.<\/p>\n<p style=\"text-align: justify\">\u201cEstas medidas no solo van en contra de los esfuerzos del gobierno sirio para asegurar medicamentos, equipos m\u00e9dicos, agua y servicios b\u00e1sicos, sino que son el causante del sufrimiento de los sirios\u201d, dijo el jefe de la diplomacia.<\/p>\n<p style=\"text-align: justify\">Calific\u00f3 estas sanciones de pol\u00edticas inmorales que contradicen el derecho internacional y la Carta de las Naciones Unidas, e incluso afectan el desempe\u00f1o de las tareas humanitarias de las Naciones Unidas en siria.<\/p>\n<p style=\"text-align: justify\">Por su parte, Msuya revel\u00f3 su empe\u00f1o por conseguir los fondos necesarios para la labor humanitaria en Siria, y consider\u00f3 que Siria se encuentra entre las prioridades de la labor humanitaria en Naciones Unidas.<\/p>\n<p style=\"text-align: justify\">Agradeci\u00f3 al gobierno sirio por las facilidades que brinda para el \u00e9xito de la trabajo de la Oficina de Coordinaci\u00f3n de Asuntos Humanitarios.<\/p>\n<p style=\"text-align: justify\">La funcionaria esper\u00f3 mejorar los mecanismos de trabajo, lo que lleva a fortalecer la cooperaci\u00f3n y la coordinaci\u00f3n.<\/p>\n<p style=\"text-align: justify\">\n<p style=\"text-align: justify\">fm\/la<\/p>\n","protected":false},"excerpt":{"rendered":"<p>Damasco, 18 may (SANA) El ministro de Exteriores y Expatriados, Faisal Al-Mekdad, repas\u00f3 con la subsecretaria general de las Naciones Unidas para Asuntos Humanitarios, Joyce Msuya, el papel de las Naciones Unidas en la respuesta humanitaria a la situaci\u00f3n en Siria. Durante la reuni\u00f3n sostenida en la sede de la Canciller\u00eda siria, el canciller deplor\u00f3 &hellip;<\/p>\n","protected":false},"author":24,"featured_media":234237,"comment_status":"closed","ping_status":"closed","sticky":false,"template":"","format":"standard","meta":{"footnotes":""},"categories":[447,597,476,7541],"tags":[],"class_list":["post-234236","post","type-post","status-publish","format-standard","has-post-thumbnail","","category-local-politica","category-cinta-de-noticias","category-locales","category-ultimas-noticias"],"_links":{"self":[{"href":"https:\/\/archive.sana.sy\/es\/index.php?rest_route=\/wp\/v2\/posts\/234236"}],"collection":[{"href":"https:\/\/archive.sana.sy\/es\/index.php?rest_route=\/wp\/v2\/posts"}],"about":[{"href":"https:\/\/archive.sana.sy\/es\/index.php?rest_route=\/wp\/v2\/types\/post"}],"author":[{"embeddable":true,"href":"https:\/\/archive.sana.sy\/es\/index.php?rest_route=\/wp\/v2\/users\/24"}],"replies":[{"embeddable":true,"href":"https:\/\/archive.sana.sy\/es\/index.php?rest_route=%2Fwp%2Fv2%2Fcomments&post=234236"}],"version-history":[{"count":0,"href":"https:\/\/archive.sana.sy\/es\/index.php?rest_route=\/wp\/v2\/posts\/234236\/revisions"}],"wp:featuredmedia":[{"embeddable":true,"href":"https:\/\/archive.sana.sy\/es\/index.php?rest_route=\/wp\/v2\/media\/234237"}],"wp:attachment":[{"href":"https:\/\/archive.sana.sy\/es\/index.php?rest_route=%2Fwp%2Fv2%2Fmedia&parent=234236"}],"wp:term":[{"taxonomy":"category","embeddable":true,"href":"https:\/\/archive.sana.sy\/es\/index.php?rest_route=%2Fwp%2Fv2%2Fcategories&post=234236"},{"taxonomy":"post_tag","embeddable":true,"href":"https:\/\/archive.sana.sy\/es\/index.php?rest_route=%2Fwp%2Fv2%2Ftags&post=234236"}],"curies":[{"name":"wp","href":"https:\/\/api.w.org\/{rel}","templated":true}]}}