{"id":234283,"date":"2022-05-19T06:04:29","date_gmt":"2022-05-19T03:04:29","guid":{"rendered":"http:\/\/107.6.182.27\/es\/?p=234283"},"modified":"2022-05-19T06:26:52","modified_gmt":"2022-05-19T03:26:52","slug":"apoyar-la-causa-palestina-y-liberar-al-golan-sirio-ocupado-encabezan-las-prioridades-de-siria-afirma-al-mekdad","status":"publish","type":"post","link":"https:\/\/archive.sana.sy\/es\/?p=234283","title":{"rendered":"Mekdad: Estados Unidos ejerce presiones para que los pa\u00edses \u00e1rabes no restablezcan sus relaciones normales con Damasco"},"content":{"rendered":"<p style=\"text-align: justify;\"><span style=\"color: #800000;\"><strong>Damasco, 19 may (SANA)\u00a0 \u00a0<\/strong><\/span>El ministro sirio de Relaciones Exteriores y Expatriados, Faisal al-Mekdad, dijo que cuando los enemigos de Siria no lograron socavar sus posiciones de principio recurrieron a la guerra terrorista en su contra para lograr sus objetivos.<\/p>\n<p style=\"text-align: justify;\">La pol\u00edtica siria est\u00e1 basada en firmes prioridades como el rechazo a la injerencia en los asuntos internos, apoyar la causa palestina y trabajar para liberar los territorios \u00e1rabes ocupados, y cuando los enemigos no lograron que Siria cambiara estos principios, recurrieron a la guerra terrorista en su contra y la apoyaron y financiaron con miles de millones de d\u00f3lares, afirm\u00f3 el Canciller.<\/p>\n<p style=\"text-align: justify;\">Aclar\u00f3 que el plan occidental ten\u00eda como objetivo dividir a Siria y poner fin a su rol que obstaculizaba los intentos de Occidente de crear una nueva realidad que sirviera a sus intereses y a \u201cIsrael\u201d.<\/p>\n<p style=\"text-align: justify;\">La firmeza del ej\u00e9rcito, pueblo y dirigencia de Siria frustr\u00f3 este plan, y el pueblo sirio defender\u00e1 cada pu\u00f1o de su tierra y expulsar\u00e1 a los ocupantes turco y estadounidense, manifest\u00f3 el Ministro.<\/p>\n<p style=\"text-align: justify;\">Asever\u00f3 que todas las \u00e1reas ocupadas volver\u00e1n a la autoridad del estado sirio, y la milicia separatista \u201cFDS\u201d debe saber que el ocupante estadounidense dejar\u00e1 nuestra tierra y la abandonar\u00e1.<\/p>\n<p style=\"text-align: justify;\">Con respecto al anuncio del Departamento de Estado de EE.UU. de autorizar la realizaci\u00f3n de actividades econ\u00f3micas en el noreste y noroeste de Siria, al-Mekdad dijo que las sucesivas administraciones estadounidenses est\u00e1n detr\u00e1s de la guerra terrorista que Siria enfrenta desde hace 11 a\u00f1os.<\/p>\n<p style=\"text-align: justify;\">Washington y los gobiernos sat\u00e9lites occidentales brindan ayuda a las organizaciones terroristas lo que condujo a la destrucci\u00f3n del potencial econ\u00f3mico sirio y al saqueo de la riqueza del pa\u00eds de algod\u00f3n, petr\u00f3leo, trigo y antig\u00fcedades, y adem\u00e1s, su imposici\u00f3n de medidas coercitivas unilaterales condujo a la destrucci\u00f3n de la infraestructura en Siria\u201d, explic\u00f3.<\/p>\n<p style=\"text-align: justify;\">Sobre las declaraciones del comisario de Pol\u00edtica Exterior y de Seguridad de la Uni\u00f3n Europea, Josep Borrell, sobre la falta de contribuci\u00f3n de la Uni\u00f3n al proceso de reconstrucci\u00f3n en Siria y el levantamiento de las sanciones solo en caso de que se aplique la Resoluci\u00f3n 2254 del Consejo de Seguridad, el Canciller contest\u00f3 que \u201cla instituci\u00f3n de la Uni\u00f3n Europea carece del m\u00e1s bajo grado de independencia y ha aceptado por s\u00ed misma ser servil y ejecutora de las pol\u00edticas estadounidenses y ya perdi\u00f3 su identidad\u201d.<\/p>\n<p style=\"text-align: justify;\">Revel\u00f3 que Siria tiene contactos con la mayor\u00eda de los pa\u00edses \u00e1rabes, pero Estados Unidos ejerce presiones para estos pa\u00edses no restablezcan sus relaciones normales con Damasco.<\/p>\n<p style=\"text-align: justify;\">fm<\/p>\n","protected":false},"excerpt":{"rendered":"<p>Damasco, 19 may (SANA)\u00a0 \u00a0El ministro sirio de Relaciones Exteriores y Expatriados, Faisal al-Mekdad, dijo que cuando los enemigos de Siria no lograron socavar sus posiciones de principio recurrieron a la guerra terrorista en su contra para lograr sus objetivos. La pol\u00edtica siria est\u00e1 basada en firmes prioridades como el rechazo a la injerencia en &hellip;<\/p>\n","protected":false},"author":36,"featured_media":234284,"comment_status":"closed","ping_status":"closed","sticky":false,"template":"","format":"standard","meta":{"footnotes":""},"categories":[447,477,597,573,476,583],"tags":[],"class_list":["post-234283","post","type-post","status-publish","format-standard","has-post-thumbnail","","category-local-politica","category-noticias-edulcorantes","category-cinta-de-noticias","category-la-realidad-de-los-acontecimientos-en-siria","category-locales","category-slide"],"_links":{"self":[{"href":"https:\/\/archive.sana.sy\/es\/index.php?rest_route=\/wp\/v2\/posts\/234283"}],"collection":[{"href":"https:\/\/archive.sana.sy\/es\/index.php?rest_route=\/wp\/v2\/posts"}],"about":[{"href":"https:\/\/archive.sana.sy\/es\/index.php?rest_route=\/wp\/v2\/types\/post"}],"author":[{"embeddable":true,"href":"https:\/\/archive.sana.sy\/es\/index.php?rest_route=\/wp\/v2\/users\/36"}],"replies":[{"embeddable":true,"href":"https:\/\/archive.sana.sy\/es\/index.php?rest_route=%2Fwp%2Fv2%2Fcomments&post=234283"}],"version-history":[{"count":0,"href":"https:\/\/archive.sana.sy\/es\/index.php?rest_route=\/wp\/v2\/posts\/234283\/revisions"}],"wp:featuredmedia":[{"embeddable":true,"href":"https:\/\/archive.sana.sy\/es\/index.php?rest_route=\/wp\/v2\/media\/234284"}],"wp:attachment":[{"href":"https:\/\/archive.sana.sy\/es\/index.php?rest_route=%2Fwp%2Fv2%2Fmedia&parent=234283"}],"wp:term":[{"taxonomy":"category","embeddable":true,"href":"https:\/\/archive.sana.sy\/es\/index.php?rest_route=%2Fwp%2Fv2%2Fcategories&post=234283"},{"taxonomy":"post_tag","embeddable":true,"href":"https:\/\/archive.sana.sy\/es\/index.php?rest_route=%2Fwp%2Fv2%2Ftags&post=234283"}],"curies":[{"name":"wp","href":"https:\/\/api.w.org\/{rel}","templated":true}]}}