{"id":234339,"date":"2022-05-19T15:26:06","date_gmt":"2022-05-19T12:26:06","guid":{"rendered":"http:\/\/107.6.182.27\/es\/?p=234339"},"modified":"2022-05-19T21:47:49","modified_gmt":"2022-05-19T18:47:49","slug":"clanes-y-tribus-de-siria-ratifican-apoyo-a-los-esfuerzos-de-la-reconciliacion-nacional","status":"publish","type":"post","link":"https:\/\/archive.sana.sy\/es\/?p=234339","title":{"rendered":"Clanes y tribus de Siria ratifican apoyo a los esfuerzos de la reconciliaci\u00f3n nacional"},"content":{"rendered":"<p style=\"text-align: justify;\"><span style=\"color: #800000;\"><strong>Homs, 19 may (SANA)\u00a0<\/strong><\/span> \u00a0Los clanes y tribus de Siria manifestaron hoy su apoyo a los esfuerzos gubernamentales encaminados a impulsar la reconciliaci\u00f3n nacional.<\/p>\n<p style=\"text-align: justify;\"><img loading=\"lazy\" decoding=\"async\" class=\"size-medium wp-image-234340 alignright\" src=\"http:\/\/107.6.182.27\/es\/wp-content\/uploads\/2022\/05\/photo_2022-05-19_12-39-07-300x165.jpg\" alt=\"\" width=\"300\" height=\"165\" srcset=\"https:\/\/archive.sana.sy\/es\/wp-content\/uploads\/2022\/05\/photo_2022-05-19_12-39-07-300x165.jpg 300w, https:\/\/archive.sana.sy\/es\/wp-content\/uploads\/2022\/05\/photo_2022-05-19_12-39-07-150x83.jpg 150w, https:\/\/archive.sana.sy\/es\/wp-content\/uploads\/2022\/05\/photo_2022-05-19_12-39-07.jpg 660w\" sizes=\"(max-width: 300px) 100vw, 300px\" \/><\/p>\n<p style=\"text-align: justify;\">La Gobernaci\u00f3n de Homs erigi\u00f3 una &#8220;carpa de patria&#8221; con la participaci\u00f3n de jeques y dignatarios tribales de todas las provincias sirias, en apoyo a los esfuerzos del estado por consolidar las reconciliaciones nacionales y para la participaci\u00f3n activa en la reconstrucci\u00f3n.<\/p>\n<p style=\"text-align: justify;\">Los participantes en la carpa realizada en el palacio de Gobernaci\u00f3n afirmaron la importancia de afianzar las reconciliaciones nacionales por el bien de la patria, y cimentar las bases para la restauraci\u00f3n del pa\u00eds.<\/p>\n<p style=\"text-align: justify;\">Los participantes emitieron una nota afirmando que la Rep\u00fablica \u00c1rabe Siria es una unidad caracterizada por un solo territorio, pueblo y bandera bajo la direcci\u00f3n del presidente Bashar al-Assad.<\/p>\n<p style=\"text-align: justify;\">Los reunidos rechazaron la presencia ilegal de tropas extranjeras en el territorio sirio, y repudiaron las sanciones y el embargo injusto impuesto por las potencias coloniales.<\/p>\n<p style=\"text-align: justify;\">Expresaron su repulsa a los actos de pirater\u00eda de dichas tropas que roban las riquezas naturales que son propiedad del pueblo sirio, y rehusaron las pr\u00e1cticas del enemigo sionista contra nuestra poblaci\u00f3n en el Gol\u00e1n ocupado y Palestina la usurpada.<\/p>\n<p style=\"text-align: justify;\"><em><strong>fm\/rsh\/sm\/ah<\/strong><\/em><\/p>\n","protected":false},"excerpt":{"rendered":"<p>Homs, 19 may (SANA)\u00a0 \u00a0Los clanes y tribus de Siria manifestaron hoy su apoyo a los esfuerzos gubernamentales encaminados a impulsar la reconciliaci\u00f3n nacional. La Gobernaci\u00f3n de Homs erigi\u00f3 una &#8220;carpa de patria&#8221; con la participaci\u00f3n de jeques y dignatarios tribales de todas las provincias sirias, en apoyo a los esfuerzos del estado por consolidar &hellip;<\/p>\n","protected":false},"author":39,"featured_media":234395,"comment_status":"closed","ping_status":"closed","sticky":false,"template":"","format":"standard","meta":{"footnotes":""},"categories":[447,477,597,573,476,7541],"tags":[],"class_list":["post-234339","post","type-post","status-publish","format-standard","has-post-thumbnail","","category-local-politica","category-noticias-edulcorantes","category-cinta-de-noticias","category-la-realidad-de-los-acontecimientos-en-siria","category-locales","category-ultimas-noticias"],"_links":{"self":[{"href":"https:\/\/archive.sana.sy\/es\/index.php?rest_route=\/wp\/v2\/posts\/234339"}],"collection":[{"href":"https:\/\/archive.sana.sy\/es\/index.php?rest_route=\/wp\/v2\/posts"}],"about":[{"href":"https:\/\/archive.sana.sy\/es\/index.php?rest_route=\/wp\/v2\/types\/post"}],"author":[{"embeddable":true,"href":"https:\/\/archive.sana.sy\/es\/index.php?rest_route=\/wp\/v2\/users\/39"}],"replies":[{"embeddable":true,"href":"https:\/\/archive.sana.sy\/es\/index.php?rest_route=%2Fwp%2Fv2%2Fcomments&post=234339"}],"version-history":[{"count":0,"href":"https:\/\/archive.sana.sy\/es\/index.php?rest_route=\/wp\/v2\/posts\/234339\/revisions"}],"wp:featuredmedia":[{"embeddable":true,"href":"https:\/\/archive.sana.sy\/es\/index.php?rest_route=\/wp\/v2\/media\/234395"}],"wp:attachment":[{"href":"https:\/\/archive.sana.sy\/es\/index.php?rest_route=%2Fwp%2Fv2%2Fmedia&parent=234339"}],"wp:term":[{"taxonomy":"category","embeddable":true,"href":"https:\/\/archive.sana.sy\/es\/index.php?rest_route=%2Fwp%2Fv2%2Fcategories&post=234339"},{"taxonomy":"post_tag","embeddable":true,"href":"https:\/\/archive.sana.sy\/es\/index.php?rest_route=%2Fwp%2Fv2%2Ftags&post=234339"}],"curies":[{"name":"wp","href":"https:\/\/api.w.org\/{rel}","templated":true}]}}