{"id":234343,"date":"2022-05-19T15:44:01","date_gmt":"2022-05-19T12:44:01","guid":{"rendered":"http:\/\/107.6.182.27\/es\/?p=234343"},"modified":"2023-01-10T16:18:33","modified_gmt":"2023-01-10T14:18:33","slug":"otros-771-combatiente-nazis-ucranianos-se-rinden-al-ejercito-ruso-en-la-planta-azovstal","status":"publish","type":"post","link":"https:\/\/archive.sana.sy\/es\/?p=234343","title":{"rendered":"Otros 771 combatiente nazis ucranianos se rinden al ej\u00e9rcito ruso en la planta Azovstal"},"content":{"rendered":"<blockquote>\n<p style=\"text-align: justify;\">&#8220;Durante las \u00faltimas 24 horas, 771 ultranacionalista del batall\u00f3n nazi Azov se rindieron en la f\u00e1brica de Azovstal, 80 de ellos est\u00e1n heridos, y todos ahora est\u00e1n recibiendo los servicios m\u00e9dicos necesarios en los hospitales de las ciudades de Novozavosk Doe y Donetsk en la Rep\u00fablica Popular de Donetsk&#8221;, precis\u00f3 el portavoz del Ministerio, el mayor general, \u00cdgor Konashenkov, en una rueda de prensa.<\/p>\n<\/blockquote>\n<p style=\"text-align: justify;\"><span style=\"color: #800000;\"><strong>Mosc\u00fa, 19 may (SANA)<\/strong> <\/span>El Ministerio de Defensa de Rusia anunci\u00f3 que 771 armados ucranianos del batall\u00f3n Azov en la planta Azovstal en Mari\u00fapol, se rindieron a las fuerzas rusas durante las \u00faltimas 24 horas.<\/p>\n<p style=\"text-align: justify;\">&#8220;Durante las \u00faltimas 24 horas, 771 ultranacionalista del batall\u00f3n nazi Azov se rindieron en la f\u00e1brica de Azovstal, 80 de ellos est\u00e1n heridos, y todos ahora est\u00e1n recibiendo los servicios m\u00e9dicos necesarios en los hospitales de las ciudades de Novozavosk Doe y Donetsk en la Rep\u00fablica Popular de Donetsk&#8221;, precis\u00f3 el portavoz del Ministerio, el mayor general, \u00cdgor Konashenkov, en una rueda de prensa.<\/p>\n<p style=\"text-align: justify;\">Detall\u00f3 que, desde el 16 de mayo, ya suma 1.730 combatientes del batall\u00f3n \u201cAzov\u201d que depusieron las armas.<\/p>\n<p style=\"text-align: justify;\">ws\/sm\/fm<\/p>\n","protected":false},"excerpt":{"rendered":"<p>&#8220;Durante las \u00faltimas 24 horas, 771 ultranacionalista del batall\u00f3n nazi Azov se rindieron en la f\u00e1brica de Azovstal, 80 de ellos est\u00e1n heridos, y todos ahora est\u00e1n recibiendo los servicios m\u00e9dicos necesarios en los hospitales de las ciudades de Novozavosk Doe y Donetsk en la Rep\u00fablica Popular de Donetsk&#8221;, precis\u00f3 el portavoz del Ministerio, el &hellip;<\/p>\n","protected":false},"author":39,"featured_media":234344,"comment_status":"closed","ping_status":"closed","sticky":false,"template":"","format":"standard","meta":{"footnotes":""},"categories":[597,456,583],"tags":[],"class_list":["post-234343","post","type-post","status-publish","format-standard","has-post-thumbnail","","category-cinta-de-noticias","category-arabe-internacional-politica","category-slide"],"_links":{"self":[{"href":"https:\/\/archive.sana.sy\/es\/index.php?rest_route=\/wp\/v2\/posts\/234343"}],"collection":[{"href":"https:\/\/archive.sana.sy\/es\/index.php?rest_route=\/wp\/v2\/posts"}],"about":[{"href":"https:\/\/archive.sana.sy\/es\/index.php?rest_route=\/wp\/v2\/types\/post"}],"author":[{"embeddable":true,"href":"https:\/\/archive.sana.sy\/es\/index.php?rest_route=\/wp\/v2\/users\/39"}],"replies":[{"embeddable":true,"href":"https:\/\/archive.sana.sy\/es\/index.php?rest_route=%2Fwp%2Fv2%2Fcomments&post=234343"}],"version-history":[{"count":0,"href":"https:\/\/archive.sana.sy\/es\/index.php?rest_route=\/wp\/v2\/posts\/234343\/revisions"}],"wp:featuredmedia":[{"embeddable":true,"href":"https:\/\/archive.sana.sy\/es\/index.php?rest_route=\/wp\/v2\/media\/234344"}],"wp:attachment":[{"href":"https:\/\/archive.sana.sy\/es\/index.php?rest_route=%2Fwp%2Fv2%2Fmedia&parent=234343"}],"wp:term":[{"taxonomy":"category","embeddable":true,"href":"https:\/\/archive.sana.sy\/es\/index.php?rest_route=%2Fwp%2Fv2%2Fcategories&post=234343"},{"taxonomy":"post_tag","embeddable":true,"href":"https:\/\/archive.sana.sy\/es\/index.php?rest_route=%2Fwp%2Fv2%2Ftags&post=234343"}],"curies":[{"name":"wp","href":"https:\/\/api.w.org\/{rel}","templated":true}]}}