{"id":234351,"date":"2022-05-19T16:38:00","date_gmt":"2022-05-19T13:38:00","guid":{"rendered":"http:\/\/107.6.182.27\/es\/?p=234351"},"modified":"2023-01-10T16:18:33","modified_gmt":"2023-01-10T14:18:33","slug":"rusia-y-kazajstan-fortalecen-su-asociacion-estrategica","status":"publish","type":"post","link":"https:\/\/archive.sana.sy\/es\/?p=234351","title":{"rendered":"Rusia y Kazajst\u00e1n fortalecen su asociaci\u00f3n estrat\u00e9gica"},"content":{"rendered":"<p style=\"text-align: justify;\"><span style=\"color: #800000;\"><strong>Mosc\u00fa, 19 may (SANA)\u00a0<\/strong><\/span> El servicio de prensa del Kremlin anunci\u00f3 hoy que el presidente ruso, Vladimir Putin, abord\u00f3 v\u00eda telef\u00f3nica con su hom\u00f3logo kazajo, Kassym-Jomart Tokayev, cuestiones urgentes en las relaciones bilaterales.<\/p>\n<p style=\"text-align: justify;\">&#8220;Durante las conversaciones, los dos presidentes afirmaron su determinaci\u00f3n conjunta de fortalecer la alianza y la asociaci\u00f3n estrat\u00e9gica en el sector comercial y econ\u00f3mico entre los dos pa\u00edses y la integraci\u00f3n en el espacio euroasi\u00e1tico&#8221;, inform\u00f3 el Kremlin en un comunicado citado por RT.<\/p>\n<p style=\"text-align: justify;\">La nota agreg\u00f3 que \u201cdando seguimiento a los resultados de la reuni\u00f3n entre los presidentes Putin y Tokayev, que se llev\u00f3 a cabo durante la cumbre de la OTSC el pasado lunes, se discutieron temas de actualidad en la agenda bilateral, incluyendo una serie de cuestiones pr\u00e1cticas relacionadas con la cooperaci\u00f3n comercial y econ\u00f3mica entre los dos pa\u00edses\u201d.<\/p>\n<p style=\"text-align: justify;\">fm\/sm<\/p>\n","protected":false},"excerpt":{"rendered":"<p>Mosc\u00fa, 19 may (SANA)\u00a0 El servicio de prensa del Kremlin anunci\u00f3 hoy que el presidente ruso, Vladimir Putin, abord\u00f3 v\u00eda telef\u00f3nica con su hom\u00f3logo kazajo, Kassym-Jomart Tokayev, cuestiones urgentes en las relaciones bilaterales. &#8220;Durante las conversaciones, los dos presidentes afirmaron su determinaci\u00f3n conjunta de fortalecer la alianza y la asociaci\u00f3n estrat\u00e9gica en el sector comercial &hellip;<\/p>\n","protected":false},"author":39,"featured_media":234352,"comment_status":"closed","ping_status":"closed","sticky":false,"template":"","format":"standard","meta":{"footnotes":""},"categories":[597,456,7541],"tags":[],"class_list":["post-234351","post","type-post","status-publish","format-standard","has-post-thumbnail","","category-cinta-de-noticias","category-arabe-internacional-politica","category-ultimas-noticias"],"_links":{"self":[{"href":"https:\/\/archive.sana.sy\/es\/index.php?rest_route=\/wp\/v2\/posts\/234351"}],"collection":[{"href":"https:\/\/archive.sana.sy\/es\/index.php?rest_route=\/wp\/v2\/posts"}],"about":[{"href":"https:\/\/archive.sana.sy\/es\/index.php?rest_route=\/wp\/v2\/types\/post"}],"author":[{"embeddable":true,"href":"https:\/\/archive.sana.sy\/es\/index.php?rest_route=\/wp\/v2\/users\/39"}],"replies":[{"embeddable":true,"href":"https:\/\/archive.sana.sy\/es\/index.php?rest_route=%2Fwp%2Fv2%2Fcomments&post=234351"}],"version-history":[{"count":0,"href":"https:\/\/archive.sana.sy\/es\/index.php?rest_route=\/wp\/v2\/posts\/234351\/revisions"}],"wp:featuredmedia":[{"embeddable":true,"href":"https:\/\/archive.sana.sy\/es\/index.php?rest_route=\/wp\/v2\/media\/234352"}],"wp:attachment":[{"href":"https:\/\/archive.sana.sy\/es\/index.php?rest_route=%2Fwp%2Fv2%2Fmedia&parent=234351"}],"wp:term":[{"taxonomy":"category","embeddable":true,"href":"https:\/\/archive.sana.sy\/es\/index.php?rest_route=%2Fwp%2Fv2%2Fcategories&post=234351"},{"taxonomy":"post_tag","embeddable":true,"href":"https:\/\/archive.sana.sy\/es\/index.php?rest_route=%2Fwp%2Fv2%2Ftags&post=234351"}],"curies":[{"name":"wp","href":"https:\/\/api.w.org\/{rel}","templated":true}]}}