{"id":234386,"date":"2022-05-19T20:24:11","date_gmt":"2022-05-19T17:24:11","guid":{"rendered":"http:\/\/107.6.182.27\/es\/?p=234386"},"modified":"2023-01-10T16:18:32","modified_gmt":"2023-01-10T14:18:32","slug":"frustrado-un-ataque-suicida-al-norte-del-sinai-egipto","status":"publish","type":"post","link":"https:\/\/archive.sana.sy\/es\/?p=234386","title":{"rendered":"Frustrado un ataque suicida al norte del Sina\u00ed, Egipto"},"content":{"rendered":"<p style=\"text-align: justify;\"><strong>El Cairo, 19 may (SANA) <\/strong>El Ministerio del Interior de Egipto anunci\u00f3 que sus unidades de seguridad en el \u00e1rea de Talul, al norte del Sina\u00ed, lograron frustrar el intento de un elemento terrorista de llevar a cabo un ataque suicida contra una de sus posiciones.<\/p>\n<p style=\"text-align: justify;\">El rotativo egipcio Al-Youm Al-Sabe cit\u00f3 al Ministerio diciendo en un comunicado: &#8220;Hubo un intercambio de disparos con el terrorista que result\u00f3 muerto y fue encontrado junto a \u00e9l un cintur\u00f3n explosivo, dos granadas, un arma autom\u00e1tica y municiones&#8221;.<\/p>\n<p style=\"text-align: justify;\">El comunicado se\u00f1al\u00f3 que contin\u00faan los esfuerzos frente a los intentos de elementos terroristas que buscan atacar a miembros de las fuerzas armadas, la polic\u00eda y las capacidades del estado egipcio.<\/p>\n<p style=\"text-align: justify;\"><em><strong>ah\/rsh<\/strong><\/em><\/p>\n","protected":false},"excerpt":{"rendered":"<p>El Cairo, 19 may (SANA) El Ministerio del Interior de Egipto anunci\u00f3 que sus unidades de seguridad en el \u00e1rea de Talul, al norte del Sina\u00ed, lograron frustrar el intento de un elemento terrorista de llevar a cabo un ataque suicida contra una de sus posiciones. El rotativo egipcio Al-Youm Al-Sabe cit\u00f3 al Ministerio diciendo &hellip;<\/p>\n","protected":false},"author":30,"featured_media":234388,"comment_status":"closed","ping_status":"closed","sticky":false,"template":"","format":"standard","meta":{"footnotes":""},"categories":[597,456],"tags":[],"class_list":["post-234386","post","type-post","status-publish","format-standard","has-post-thumbnail","","category-cinta-de-noticias","category-arabe-internacional-politica"],"_links":{"self":[{"href":"https:\/\/archive.sana.sy\/es\/index.php?rest_route=\/wp\/v2\/posts\/234386"}],"collection":[{"href":"https:\/\/archive.sana.sy\/es\/index.php?rest_route=\/wp\/v2\/posts"}],"about":[{"href":"https:\/\/archive.sana.sy\/es\/index.php?rest_route=\/wp\/v2\/types\/post"}],"author":[{"embeddable":true,"href":"https:\/\/archive.sana.sy\/es\/index.php?rest_route=\/wp\/v2\/users\/30"}],"replies":[{"embeddable":true,"href":"https:\/\/archive.sana.sy\/es\/index.php?rest_route=%2Fwp%2Fv2%2Fcomments&post=234386"}],"version-history":[{"count":0,"href":"https:\/\/archive.sana.sy\/es\/index.php?rest_route=\/wp\/v2\/posts\/234386\/revisions"}],"wp:featuredmedia":[{"embeddable":true,"href":"https:\/\/archive.sana.sy\/es\/index.php?rest_route=\/wp\/v2\/media\/234388"}],"wp:attachment":[{"href":"https:\/\/archive.sana.sy\/es\/index.php?rest_route=%2Fwp%2Fv2%2Fmedia&parent=234386"}],"wp:term":[{"taxonomy":"category","embeddable":true,"href":"https:\/\/archive.sana.sy\/es\/index.php?rest_route=%2Fwp%2Fv2%2Fcategories&post=234386"},{"taxonomy":"post_tag","embeddable":true,"href":"https:\/\/archive.sana.sy\/es\/index.php?rest_route=%2Fwp%2Fv2%2Ftags&post=234386"}],"curies":[{"name":"wp","href":"https:\/\/api.w.org\/{rel}","templated":true}]}}