{"id":234391,"date":"2022-05-19T20:29:13","date_gmt":"2022-05-19T17:29:13","guid":{"rendered":"http:\/\/107.6.182.27\/es\/?p=234391"},"modified":"2023-01-10T16:18:32","modified_gmt":"2023-01-10T14:18:32","slug":"jefes-de-los-estados-mayores-de-rusia-y-estados-unidos-debaten-telefonicamente-la-situacion-en-ucrania","status":"publish","type":"post","link":"https:\/\/archive.sana.sy\/es\/?p=234391","title":{"rendered":"Jefes de los Estados Mayores de Rusia y Estados Unidos debaten telef\u00f3nicamente la situaci\u00f3n en Ucrania"},"content":{"rendered":"<p style=\"text-align: justify;\"><strong>Mosc\u00fa, 19 may (SANA) <\/strong>El jefe del Estado Mayor de las Fuerzas Armadas rusas, Valeri Guer\u00e1simov, examin\u00f3 en una llamada telef\u00f3nica con su hom\u00f3logo estadounidense, Mark Milley, la situaci\u00f3n en Ucrania.<\/p>\n<p style=\"text-align: justify;\">&#8220;Durante la llamada, que fue por iniciativa de Estados Unidos, los altos funcionarios militares discutieron temas de inter\u00e9s com\u00fan, incluida la situaci\u00f3n en Ucrania&#8221;, dijo el Ministerio de Defensa ruso en un comunicado citado por RT.<\/p>\n<p style=\"text-align: justify;\">Este es el primer contacto entre Gerasimov y Milley desde el inicio de la operaci\u00f3n militar especial de Rusia el 24 de febrero.<\/p>\n<p style=\"text-align: justify;\">D\u00edas anteriores el 13 de mayo el ministro de Defensa ruso, Sergei Shoigu y el estadounidense, Lloyd Austin, conversaron telef\u00f3nicamente por primera vez desde que comenz\u00f3 la guerra en Ucrania.<\/p>\n<p style=\"text-align: justify;\"><em><strong>ah\/rsh<\/strong><\/em><\/p>\n","protected":false},"excerpt":{"rendered":"<p>Mosc\u00fa, 19 may (SANA) El jefe del Estado Mayor de las Fuerzas Armadas rusas, Valeri Guer\u00e1simov, examin\u00f3 en una llamada telef\u00f3nica con su hom\u00f3logo estadounidense, Mark Milley, la situaci\u00f3n en Ucrania. &#8220;Durante la llamada, que fue por iniciativa de Estados Unidos, los altos funcionarios militares discutieron temas de inter\u00e9s com\u00fan, incluida la situaci\u00f3n en Ucrania&#8221;, &hellip;<\/p>\n","protected":false},"author":30,"featured_media":234392,"comment_status":"closed","ping_status":"closed","sticky":false,"template":"","format":"standard","meta":{"footnotes":""},"categories":[597,456],"tags":[],"class_list":["post-234391","post","type-post","status-publish","format-standard","has-post-thumbnail","","category-cinta-de-noticias","category-arabe-internacional-politica"],"_links":{"self":[{"href":"https:\/\/archive.sana.sy\/es\/index.php?rest_route=\/wp\/v2\/posts\/234391"}],"collection":[{"href":"https:\/\/archive.sana.sy\/es\/index.php?rest_route=\/wp\/v2\/posts"}],"about":[{"href":"https:\/\/archive.sana.sy\/es\/index.php?rest_route=\/wp\/v2\/types\/post"}],"author":[{"embeddable":true,"href":"https:\/\/archive.sana.sy\/es\/index.php?rest_route=\/wp\/v2\/users\/30"}],"replies":[{"embeddable":true,"href":"https:\/\/archive.sana.sy\/es\/index.php?rest_route=%2Fwp%2Fv2%2Fcomments&post=234391"}],"version-history":[{"count":0,"href":"https:\/\/archive.sana.sy\/es\/index.php?rest_route=\/wp\/v2\/posts\/234391\/revisions"}],"wp:featuredmedia":[{"embeddable":true,"href":"https:\/\/archive.sana.sy\/es\/index.php?rest_route=\/wp\/v2\/media\/234392"}],"wp:attachment":[{"href":"https:\/\/archive.sana.sy\/es\/index.php?rest_route=%2Fwp%2Fv2%2Fmedia&parent=234391"}],"wp:term":[{"taxonomy":"category","embeddable":true,"href":"https:\/\/archive.sana.sy\/es\/index.php?rest_route=%2Fwp%2Fv2%2Fcategories&post=234391"},{"taxonomy":"post_tag","embeddable":true,"href":"https:\/\/archive.sana.sy\/es\/index.php?rest_route=%2Fwp%2Fv2%2Ftags&post=234391"}],"curies":[{"name":"wp","href":"https:\/\/api.w.org\/{rel}","templated":true}]}}