{"id":234432,"date":"2022-05-20T09:59:21","date_gmt":"2022-05-20T06:59:21","guid":{"rendered":"http:\/\/107.6.182.27\/es\/?p=234432"},"modified":"2022-05-20T09:59:21","modified_gmt":"2022-05-20T06:59:21","slug":"ministro-iraqui-de-interior-y-embajador-sirio-en-bagdad-abordan-vias-para-consolidar-cooperacion-bilateral","status":"publish","type":"post","link":"https:\/\/archive.sana.sy\/es\/?p=234432","title":{"rendered":"Ministro iraqu\u00ed de Interior y embajador sirio en Bagdad abordan v\u00edas para consolidar cooperaci\u00f3n bilateral"},"content":{"rendered":"<p style=\"text-align: justify;\"><strong>Bagdad, 20 may (SANA) <\/strong>El ministro del Interior iraqu\u00ed, Osman al-Ghanmi, y el embajador sirio en Bagdad, Sattam Jadaan Al-Dandah, debatieron las v\u00edas para fortalecer la cooperaci\u00f3n conjunta entre los dos pa\u00edses en los campos de seguridad y lucha antiterrorista, as\u00ed como trataron varios asuntos relacionados con la comunidad siria en Irak.<\/p>\n<p style=\"text-align: justify;\">El Ministerio del Interior iraqu\u00ed inform\u00f3 en un comunicado que Al-Ghanimi destac\u00f3 el papel de Siria en ayudar a Irak en varias \u00e1reas, particularmente la seguridad, incluido el intercambio de experiencia e informaci\u00f3n.<\/p>\n<p style=\"text-align: justify;\">Por su parte, el embajador Al-Dandah elogi\u00f3 los logros de Iraq, en particular en t\u00e9rminos de derrotar el terrorismo y la delincuencia, y su inter\u00e9s en establecer relaciones s\u00f3lidas con los pa\u00edses hermanos.<\/p>\n<p style=\"text-align: justify;\"><em><strong>ah\/fm<\/strong><\/em><\/p>\n","protected":false},"excerpt":{"rendered":"<p>Bagdad, 20 may (SANA) El ministro del Interior iraqu\u00ed, Osman al-Ghanmi, y el embajador sirio en Bagdad, Sattam Jadaan Al-Dandah, debatieron las v\u00edas para fortalecer la cooperaci\u00f3n conjunta entre los dos pa\u00edses en los campos de seguridad y lucha antiterrorista, as\u00ed como trataron varios asuntos relacionados con la comunidad siria en Irak. El Ministerio del &hellip;<\/p>\n","protected":false},"author":30,"featured_media":234433,"comment_status":"closed","ping_status":"closed","sticky":false,"template":"","format":"standard","meta":{"footnotes":""},"categories":[597,467,7541],"tags":[],"class_list":["post-234432","post","type-post","status-publish","format-standard","has-post-thumbnail","","category-cinta-de-noticias","category-siria-y-el-mundo","category-ultimas-noticias"],"_links":{"self":[{"href":"https:\/\/archive.sana.sy\/es\/index.php?rest_route=\/wp\/v2\/posts\/234432"}],"collection":[{"href":"https:\/\/archive.sana.sy\/es\/index.php?rest_route=\/wp\/v2\/posts"}],"about":[{"href":"https:\/\/archive.sana.sy\/es\/index.php?rest_route=\/wp\/v2\/types\/post"}],"author":[{"embeddable":true,"href":"https:\/\/archive.sana.sy\/es\/index.php?rest_route=\/wp\/v2\/users\/30"}],"replies":[{"embeddable":true,"href":"https:\/\/archive.sana.sy\/es\/index.php?rest_route=%2Fwp%2Fv2%2Fcomments&post=234432"}],"version-history":[{"count":0,"href":"https:\/\/archive.sana.sy\/es\/index.php?rest_route=\/wp\/v2\/posts\/234432\/revisions"}],"wp:featuredmedia":[{"embeddable":true,"href":"https:\/\/archive.sana.sy\/es\/index.php?rest_route=\/wp\/v2\/media\/234433"}],"wp:attachment":[{"href":"https:\/\/archive.sana.sy\/es\/index.php?rest_route=%2Fwp%2Fv2%2Fmedia&parent=234432"}],"wp:term":[{"taxonomy":"category","embeddable":true,"href":"https:\/\/archive.sana.sy\/es\/index.php?rest_route=%2Fwp%2Fv2%2Fcategories&post=234432"},{"taxonomy":"post_tag","embeddable":true,"href":"https:\/\/archive.sana.sy\/es\/index.php?rest_route=%2Fwp%2Fv2%2Ftags&post=234432"}],"curies":[{"name":"wp","href":"https:\/\/api.w.org\/{rel}","templated":true}]}}