{"id":234435,"date":"2022-05-20T10:20:27","date_gmt":"2022-05-20T07:20:27","guid":{"rendered":"http:\/\/107.6.182.27\/es\/?p=234435"},"modified":"2022-05-20T10:20:27","modified_gmt":"2022-05-20T07:20:27","slug":"con-participacion-de-siria-arranca-cumbre-economica-internacional-rusia-y-el-mundo-islamico","status":"publish","type":"post","link":"https:\/\/archive.sana.sy\/es\/?p=234435","title":{"rendered":"Con participaci\u00f3n de Siria, arranca Cumbre Econ\u00f3mica Internacional \u201cRusia y el Mundo Isl\u00e1mico\u201d"},"content":{"rendered":"<p style=\"text-align: justify;\"><strong>Mosc\u00fa, 20 may (SANA) <\/strong>La Cumbre Econ\u00f3mica Internacional &#8220;Rusia y el Mundo Isl\u00e1mico&#8221; arranc\u00f3 la v\u00edspera en Kaz\u00e1n, capital de la Rep\u00fablica rusa de Tartarist\u00e1n, con la participaci\u00f3n de Siria.<\/p>\n<p style=\"text-align: justify;\">El presidente de Tartarist\u00e1n, Rustam Minnij\u00e1nov, dijo que la cumbre tuvo \u00e9xito en establecer nuevas relaciones y proporcionar oportunidades econ\u00f3micas y posibilidades de inversi\u00f3n.<\/p>\n<p style=\"text-align: justify;\">\u201cEste evento es de alta importancia en t\u00e9rminos de ser una plataforma clave para la interacci\u00f3n econ\u00f3mica entre Rusia y el mundo musulm\u00e1n\u201d, expres\u00f3.<\/p>\n<p style=\"text-align: justify;\">Por su parte, el embajador sirio en Mosc\u00fa, Riad Haddad, dijo en un discurso, durante una reuni\u00f3n de embajadores de pa\u00edses extranjeros que participan en la cumbre, que Occidente est\u00e1 detr\u00e1s de la distorsi\u00f3n deliberada de la religi\u00f3n isl\u00e1mica a trav\u00e9s de su apoyo al terrorismo takfirista.<\/p>\n<p style=\"text-align: justify;\">\u201cSe nos ha quedado claro en Siria desde hace mucho tiempo el peligro de la hegemon\u00eda estadounidense sobre el mundo y que el modelo presentado por Occidente solo aport\u00f3 destrucci\u00f3n y tragedias para la regi\u00f3n\u201d, manifest\u00f3.<\/p>\n<p style=\"text-align: justify;\">Haddad resalt\u00f3 la importancia de seguir la transici\u00f3n hacia un sistema multipolar, hecho que comenz\u00f3 con la primera derrota del proyecto occidental en Siria a trav\u00e9s de las victorias logradas por el Ej\u00e9rcito \u00c1rabe Sirio y las fuerzas armadas rusas sobre los grupos terroristas.<\/p>\n<p style=\"text-align: justify;\">Rusia libra su batalla para defender al pueblo de Donb\u00e1s, derrotar la amenaza del nazismo de Europa y detener la arrogancia occidental, que proporcion\u00f3 los peores ejemplo de matanzas y ocupaci\u00f3n de estados, robar sus recursos y distorsionar culturas y religiones, concluy\u00f3 el embajador.<\/p>\n<p style=\"text-align: justify;\"><em><strong>ah\/fm<\/strong><\/em><\/p>\n","protected":false},"excerpt":{"rendered":"<p>Mosc\u00fa, 20 may (SANA) La Cumbre Econ\u00f3mica Internacional &#8220;Rusia y el Mundo Isl\u00e1mico&#8221; arranc\u00f3 la v\u00edspera en Kaz\u00e1n, capital de la Rep\u00fablica rusa de Tartarist\u00e1n, con la participaci\u00f3n de Siria. El presidente de Tartarist\u00e1n, Rustam Minnij\u00e1nov, dijo que la cumbre tuvo \u00e9xito en establecer nuevas relaciones y proporcionar oportunidades econ\u00f3micas y posibilidades de inversi\u00f3n. \u201cEste &hellip;<\/p>\n","protected":false},"author":30,"featured_media":234436,"comment_status":"closed","ping_status":"closed","sticky":false,"template":"","format":"standard","meta":{"footnotes":""},"categories":[597,467,7541],"tags":[],"class_list":["post-234435","post","type-post","status-publish","format-standard","has-post-thumbnail","","category-cinta-de-noticias","category-siria-y-el-mundo","category-ultimas-noticias"],"_links":{"self":[{"href":"https:\/\/archive.sana.sy\/es\/index.php?rest_route=\/wp\/v2\/posts\/234435"}],"collection":[{"href":"https:\/\/archive.sana.sy\/es\/index.php?rest_route=\/wp\/v2\/posts"}],"about":[{"href":"https:\/\/archive.sana.sy\/es\/index.php?rest_route=\/wp\/v2\/types\/post"}],"author":[{"embeddable":true,"href":"https:\/\/archive.sana.sy\/es\/index.php?rest_route=\/wp\/v2\/users\/30"}],"replies":[{"embeddable":true,"href":"https:\/\/archive.sana.sy\/es\/index.php?rest_route=%2Fwp%2Fv2%2Fcomments&post=234435"}],"version-history":[{"count":0,"href":"https:\/\/archive.sana.sy\/es\/index.php?rest_route=\/wp\/v2\/posts\/234435\/revisions"}],"wp:featuredmedia":[{"embeddable":true,"href":"https:\/\/archive.sana.sy\/es\/index.php?rest_route=\/wp\/v2\/media\/234436"}],"wp:attachment":[{"href":"https:\/\/archive.sana.sy\/es\/index.php?rest_route=%2Fwp%2Fv2%2Fmedia&parent=234435"}],"wp:term":[{"taxonomy":"category","embeddable":true,"href":"https:\/\/archive.sana.sy\/es\/index.php?rest_route=%2Fwp%2Fv2%2Fcategories&post=234435"},{"taxonomy":"post_tag","embeddable":true,"href":"https:\/\/archive.sana.sy\/es\/index.php?rest_route=%2Fwp%2Fv2%2Ftags&post=234435"}],"curies":[{"name":"wp","href":"https:\/\/api.w.org\/{rel}","templated":true}]}}