{"id":234518,"date":"2022-05-20T18:20:18","date_gmt":"2022-05-20T15:20:18","guid":{"rendered":"http:\/\/107.6.182.27\/es\/?p=234518"},"modified":"2022-05-20T19:21:45","modified_gmt":"2022-05-20T16:21:45","slug":"un-nino-resulta-herido-por-explosion-de-mina-remanente-de-terroristas-en-hama","status":"publish","type":"post","link":"https:\/\/archive.sana.sy\/es\/?p=234518","title":{"rendered":"Tres heridos por explosi\u00f3n de mina remanente de terroristas en Hama"},"content":{"rendered":"<p style=\"text-align: justify;\"><span style=\"color: #800000;\"><strong>Hama, 20 may (SANA) <\/strong><\/span>Tres civiles resultaron herido, entre ellos est\u00e1 un ni\u00f1o, por explosi\u00f3n de mina remanente de las organizaciones terroristas en la ciudad de Sur\u00e1n, a 18 km al norte de la provincia central de Hama.<\/p>\n<p style=\"text-align: justify;\">&#8220;La mina explot\u00f3 mientras unos ni\u00f1os jugaban cerca del lugar, lo que caus\u00f3 lesiones a un menor que fue trasladado al Hospital Provincial para recibir tratamiento&#8221;, report\u00f3 nuestro corresponsal en esta Gobernaci\u00f3n.<\/p>\n<p style=\"text-align: justify;\">El lunes pasado, tres civiles resultaron heridos en un similar accidente en la aldea de Skik, al noroeste de Hama.<\/p>\n<p style=\"text-align: justify;\"><em><strong>ah\/fm<\/strong><\/em><\/p>\n","protected":false},"excerpt":{"rendered":"<p>Hama, 20 may (SANA) Tres civiles resultaron herido, entre ellos est\u00e1 un ni\u00f1o, por explosi\u00f3n de mina remanente de las organizaciones terroristas en la ciudad de Sur\u00e1n, a 18 km al norte de la provincia central de Hama. &#8220;La mina explot\u00f3 mientras unos ni\u00f1os jugaban cerca del lugar, lo que caus\u00f3 lesiones a un menor &hellip;<\/p>\n","protected":false},"author":30,"featured_media":234519,"comment_status":"closed","ping_status":"closed","sticky":false,"template":"","format":"standard","meta":{"footnotes":""},"categories":[477,597,573,476,7541],"tags":[],"class_list":["post-234518","post","type-post","status-publish","format-standard","has-post-thumbnail","","category-noticias-edulcorantes","category-cinta-de-noticias","category-la-realidad-de-los-acontecimientos-en-siria","category-locales","category-ultimas-noticias"],"_links":{"self":[{"href":"https:\/\/archive.sana.sy\/es\/index.php?rest_route=\/wp\/v2\/posts\/234518"}],"collection":[{"href":"https:\/\/archive.sana.sy\/es\/index.php?rest_route=\/wp\/v2\/posts"}],"about":[{"href":"https:\/\/archive.sana.sy\/es\/index.php?rest_route=\/wp\/v2\/types\/post"}],"author":[{"embeddable":true,"href":"https:\/\/archive.sana.sy\/es\/index.php?rest_route=\/wp\/v2\/users\/30"}],"replies":[{"embeddable":true,"href":"https:\/\/archive.sana.sy\/es\/index.php?rest_route=%2Fwp%2Fv2%2Fcomments&post=234518"}],"version-history":[{"count":0,"href":"https:\/\/archive.sana.sy\/es\/index.php?rest_route=\/wp\/v2\/posts\/234518\/revisions"}],"wp:featuredmedia":[{"embeddable":true,"href":"https:\/\/archive.sana.sy\/es\/index.php?rest_route=\/wp\/v2\/media\/234519"}],"wp:attachment":[{"href":"https:\/\/archive.sana.sy\/es\/index.php?rest_route=%2Fwp%2Fv2%2Fmedia&parent=234518"}],"wp:term":[{"taxonomy":"category","embeddable":true,"href":"https:\/\/archive.sana.sy\/es\/index.php?rest_route=%2Fwp%2Fv2%2Fcategories&post=234518"},{"taxonomy":"post_tag","embeddable":true,"href":"https:\/\/archive.sana.sy\/es\/index.php?rest_route=%2Fwp%2Fv2%2Ftags&post=234518"}],"curies":[{"name":"wp","href":"https:\/\/api.w.org\/{rel}","templated":true}]}}