{"id":234533,"date":"2022-05-20T14:29:20","date_gmt":"2022-05-20T11:29:20","guid":{"rendered":"http:\/\/107.6.182.27\/es\/?p=234533"},"modified":"2022-05-20T14:53:35","modified_gmt":"2022-05-20T11:53:35","slug":"damasco-condena-declaraciones-del-presidente-turco-sobre-su-intencion-de-crear-una-zona-segura-en-el-norte-de-siria-son-declaraciones-bajas-que-desenmascaran-las-manipulaciones-e-intenciones","status":"publish","type":"post","link":"https:\/\/archive.sana.sy\/es\/?p=234533","title":{"rendered":"Damasco condena declaraciones del presidente turco sobre su intenci\u00f3n de crear una zona segura en el norte de Siria. \u201cSon declaraciones bajas que desenmascaran las manipulaciones e intenciones agresivas que el r\u00e9gimen turco est\u00e1 tramando contra Siria y la unidad de su territorio y pueblo\u201d, afirm\u00f3 Canciller\u00eda siria por medio de una declaraci\u00f3n emitida hoy."},"content":{"rendered":"","protected":false},"excerpt":{"rendered":"","protected":false},"author":39,"featured_media":0,"comment_status":"closed","ping_status":"closed","sticky":false,"template":"","format":"standard","meta":{"footnotes":""},"categories":[1],"tags":[],"class_list":["post-234533","post","type-post","status-publish","format-standard","","category-news-not-sorted"],"_links":{"self":[{"href":"https:\/\/archive.sana.sy\/es\/index.php?rest_route=\/wp\/v2\/posts\/234533"}],"collection":[{"href":"https:\/\/archive.sana.sy\/es\/index.php?rest_route=\/wp\/v2\/posts"}],"about":[{"href":"https:\/\/archive.sana.sy\/es\/index.php?rest_route=\/wp\/v2\/types\/post"}],"author":[{"embeddable":true,"href":"https:\/\/archive.sana.sy\/es\/index.php?rest_route=\/wp\/v2\/users\/39"}],"replies":[{"embeddable":true,"href":"https:\/\/archive.sana.sy\/es\/index.php?rest_route=%2Fwp%2Fv2%2Fcomments&post=234533"}],"version-history":[{"count":0,"href":"https:\/\/archive.sana.sy\/es\/index.php?rest_route=\/wp\/v2\/posts\/234533\/revisions"}],"wp:attachment":[{"href":"https:\/\/archive.sana.sy\/es\/index.php?rest_route=%2Fwp%2Fv2%2Fmedia&parent=234533"}],"wp:term":[{"taxonomy":"category","embeddable":true,"href":"https:\/\/archive.sana.sy\/es\/index.php?rest_route=%2Fwp%2Fv2%2Fcategories&post=234533"},{"taxonomy":"post_tag","embeddable":true,"href":"https:\/\/archive.sana.sy\/es\/index.php?rest_route=%2Fwp%2Fv2%2Ftags&post=234533"}],"curies":[{"name":"wp","href":"https:\/\/api.w.org\/{rel}","templated":true}]}}