{"id":234535,"date":"2022-05-20T14:53:04","date_gmt":"2022-05-20T11:53:04","guid":{"rendered":"http:\/\/107.6.182.27\/es\/?p=234535"},"modified":"2022-05-21T19:54:15","modified_gmt":"2022-05-21T16:54:15","slug":"siria-rechaza-y-condena-intenciones-de-ankara-de-crear-una-zona-segura-en-el-norte-de-siria","status":"publish","type":"post","link":"https:\/\/archive.sana.sy\/es\/?p=234535","title":{"rendered":"Siria rechaza y condena intenciones de Ankara de crear una zona segura en el norte de Siria"},"content":{"rendered":"<blockquote>\n<p style=\"text-align: justify;\">\u201cEl r\u00e9gimen turco sigue siendo parte de la crisis y contribuye a su continuaci\u00f3n y agravamiento mediante su implicaci\u00f3n en el proyecto de fragmentaci\u00f3n que solo favorece a las metas de \u201cIsrael\u201d, Estados Unidos y Occidente\u201d, indic\u00f3 Canciller\u00eda.<\/p>\n<\/blockquote>\n<p style=\"text-align: justify;\"><span style=\"color: #800000;\"><strong>Damasco, 20 may (SANA)<\/strong> <\/span>Damasco conden\u00f3 hoy las declaraciones del presidente turco Recep Tayyeb Erdogan en las que anunci\u00f3 su intenci\u00f3n de crear una zona segura en el norte de Siria.<\/p>\n<p style=\"text-align: justify;\">\u201cSon declaraciones bajas que desenmascaran las manipulaciones e intenciones agresivas que el r\u00e9gimen turco est\u00e1 tramando contra Siria y la unidad de su territorio y pueblo\u201d, afirm\u00f3 Canciller\u00eda siria por medio de una declaraci\u00f3n emitida hoy.<\/p>\n<p style=\"text-align: justify;\">El texto calific\u00f3 de despreciable y carente del m\u00ednimo nivel de entendimiento pol\u00edtico y moral al enfoque adoptado por Ankara respecto a la crisis siria.<\/p>\n<p style=\"text-align: justify;\">\u201cEl r\u00e9gimen turco sigue siendo parte de la crisis y contribuye a su continuaci\u00f3n y agravamiento mediante su implicaci\u00f3n en el proyecto de fragmentaci\u00f3n que solo favorece a las metas de \u201cIsrael\u201d, Estados Unidos y Occidente\u201d, indic\u00f3 Canciller\u00eda.<\/p>\n<p style=\"text-align: justify;\">Explic\u00f3 que la creaci\u00f3n de dicha zona no pretende proteger las \u00e1reas fronterizas entre Siria y Turqu\u00eda, y su objetivo principal es el colonialismo y la creaci\u00f3n de un foco explosivo que ayuda a implementar los planes terroristas dirigidos contra el pueblo sirio.<\/p>\n<p style=\"text-align: justify;\">El comunicado manifest\u00f3 el absoluto rechazo a tales manipulaciones y llam\u00f3 a los pa\u00edses de la regi\u00f3n y del mundo que han invertido en el financiamiento y la promoci\u00f3n de estos proyectos criminales a que dejen de apoyar de inmediato el r\u00e9gimen turco y sus \u201cdelirios demon\u00edacos\u201d.<\/p>\n<p style=\"text-align: justify;\">Siria hace un llamado a la comunidad internacional a no negociar con Erdogan sobre las tierras de otros pa\u00edses para lograr objetivos miopes que tendr\u00e1n efectos catastr\u00f3ficos en la seguridad, la paz y la estabilidad en la regi\u00f3n y el mundo, y asegura que enfrentar\u00e1 este complot por los medios leg\u00edtimos en defensa de su pueblo e integridad territorial, concluy\u00f3 canciller\u00eda su declaraci\u00f3n.<\/p>\n<p style=\"text-align: justify;\">fm\/sm<\/p>\n","protected":false},"excerpt":{"rendered":"<p>\u201cEl r\u00e9gimen turco sigue siendo parte de la crisis y contribuye a su continuaci\u00f3n y agravamiento mediante su implicaci\u00f3n en el proyecto de fragmentaci\u00f3n que solo favorece a las metas de \u201cIsrael\u201d, Estados Unidos y Occidente\u201d, indic\u00f3 Canciller\u00eda. Damasco, 20 may (SANA) Damasco conden\u00f3 hoy las declaraciones del presidente turco Recep Tayyeb Erdogan en las &hellip;<\/p>\n","protected":false},"author":39,"featured_media":234536,"comment_status":"closed","ping_status":"closed","sticky":false,"template":"","format":"standard","meta":{"footnotes":""},"categories":[597,476,583],"tags":[],"class_list":["post-234535","post","type-post","status-publish","format-standard","has-post-thumbnail","","category-cinta-de-noticias","category-locales","category-slide"],"_links":{"self":[{"href":"https:\/\/archive.sana.sy\/es\/index.php?rest_route=\/wp\/v2\/posts\/234535"}],"collection":[{"href":"https:\/\/archive.sana.sy\/es\/index.php?rest_route=\/wp\/v2\/posts"}],"about":[{"href":"https:\/\/archive.sana.sy\/es\/index.php?rest_route=\/wp\/v2\/types\/post"}],"author":[{"embeddable":true,"href":"https:\/\/archive.sana.sy\/es\/index.php?rest_route=\/wp\/v2\/users\/39"}],"replies":[{"embeddable":true,"href":"https:\/\/archive.sana.sy\/es\/index.php?rest_route=%2Fwp%2Fv2%2Fcomments&post=234535"}],"version-history":[{"count":0,"href":"https:\/\/archive.sana.sy\/es\/index.php?rest_route=\/wp\/v2\/posts\/234535\/revisions"}],"wp:featuredmedia":[{"embeddable":true,"href":"https:\/\/archive.sana.sy\/es\/index.php?rest_route=\/wp\/v2\/media\/234536"}],"wp:attachment":[{"href":"https:\/\/archive.sana.sy\/es\/index.php?rest_route=%2Fwp%2Fv2%2Fmedia&parent=234535"}],"wp:term":[{"taxonomy":"category","embeddable":true,"href":"https:\/\/archive.sana.sy\/es\/index.php?rest_route=%2Fwp%2Fv2%2Fcategories&post=234535"},{"taxonomy":"post_tag","embeddable":true,"href":"https:\/\/archive.sana.sy\/es\/index.php?rest_route=%2Fwp%2Fv2%2Ftags&post=234535"}],"curies":[{"name":"wp","href":"https:\/\/api.w.org\/{rel}","templated":true}]}}